{"id":92095,"date":"2026-09-01T15:55:15","date_gmt":"2026-09-01T19:55:15","guid":{"rendered":"https:\/\/www.mundoacuicola.cl\/new\/?p=92095"},"modified":"2026-09-01T15:55:15","modified_gmt":"2026-09-01T19:55:15","slug":"la-tenacibaculosis-activa-distintas-defensas-segun-el-tejido-del-salmon-atlantico","status":"publish","type":"post","link":"https:\/\/www.mundoacuicola.cl\/new\/la-tenacibaculosis-activa-distintas-defensas-segun-el-tejido-del-salmon-atlantico\/","title":{"rendered":"La tenacibaculosis activa distintas defensas seg\u00fan el tejido del salm\u00f3n Atl\u00e1ntico"},"content":{"rendered":"<div class=\"qMYqUG_convSearchResultHighlightRoot\">\n<div class=\"\" data-turn-id-container=\"request-6a5a9b33-3dc4-83e9-9db2-a113ba3def3b-10\" data-is-intersecting=\"true\">\n<section class=\"text-token-text-primary w-full focus:outline-none has-data-writing-block:pointer-events-none [&amp;:has([data-writing-block])&gt;*]:pointer-events-auto R6Vx5W_threadScrollVars scroll-mb-[calc(var(--scroll-root-safe-area-inset-bottom,0px)+var(--thread-response-height))] scroll-mt-[calc(var(--header-height)+min(200px,max(70px,20svh)))]\" dir=\"auto\" data-turn-id=\"request-6a5a9b33-3dc4-83e9-9db2-a113ba3def3b-10\" data-turn-id-container=\"request-6a5a9b33-3dc4-83e9-9db2-a113ba3def3b-10\" data-testid=\"conversation-turn-22\" data-turn=\"assistant\">\n<div class=\"text-base my-auto mx-auto pb-8 [--thread-content-margin:var(--thread-content-margin-xs,calc(var(--spacing)*4))] @w-sm\/main:[--thread-content-margin:var(--thread-content-margin-sm,calc(var(--spacing)*6))] @w-lg\/main:[--thread-content-margin:var(--thread-content-margin-lg,calc(var(--spacing)*16))] px-(--thread-content-margin)\">\n<div class=\"[--thread-content-max-width:40rem] @w-lg\/main:[--thread-content-max-width:48rem] mx-auto max-w-(--thread-content-max-width) flex-1 group\/turn-messages focus-visible:outline-hidden relative flex w-full min-w-0 flex-col agent-turn\" data-conversation-screenshot-content=\"\">\n<div class=\"flex max-w-full flex-col gap-4 grow\">\n<div class=\"min-h-8 text-message relative flex w-full flex-col items-end gap-2 text-start break-words whitespace-normal outline-none keyboard-focused:focus-ring [.text-message+&amp;]:mt-1\" dir=\"auto\" tabindex=\"0\" data-message-author-role=\"assistant\" data-message-id=\"17525952-6db6-42bf-be6d-781d0e871a84\" data-turn-start-message=\"true\" data-message-model-slug=\"gpt-5-6-thinking\">\n<div class=\"flex w-full flex-col gap-1 empty:hidden\">\n<div class=\"markdown prose dark:prose-invert wrap-break-word w-full light markdown-new-styling\">\n<p class=\"PDq2pG_selectionAnchorContainer\" data-start=\"558\" data-end=\"1032\">Un estudio desarrollado por investigadores chilenos mostr\u00f3 que la infecci\u00f3n por <em data-start=\"638\" data-end=\"666\">Tenacibaculum dicentrarchi<\/em>, bacteria asociada a la tenacibaculosis, desencadena respuestas inmunitarias diferentes seg\u00fan el tejido y el momento de la infecci\u00f3n en salm\u00f3n Atl\u00e1ntico. Los resultados tambi\u00e9n identificaron se\u00f1ales moleculares que podr\u00edan servir en futuros estudios para seguir la respuesta de los peces y evaluar vacunas contra la enfermedad.<\/p>\n<p data-start=\"1034\" data-end=\"1746\">La investigaci\u00f3n, publicada en <em data-start=\"1065\" data-end=\"1091\">Journal of Fish Diseases<\/em>, fue desarrollada por Ruben Avenda\u00f1o-Herrera, del Laboratorio de Organismos Acu\u00e1ticos y Biotecnolog\u00eda Acu\u00edcola de la Universidad Andr\u00e9s Bello, el Centro Interdisciplinario para la Investigaci\u00f3n Acu\u00edcola Aplicada (INCAR\u00b2) y el Centro de Investigaci\u00f3n Marina Quintay (CIMARQ); Camila Kossack y Kevin Maisey, del Laboratorio de Inmunolog\u00eda Comparativa del Centro de Biotecnolog\u00eda Acu\u00edcola de la Universidad de Santiago de Chile; y Cristian A. Valenzuela, del Grupo de Marcadores Inmunol\u00f3gicos en Organismos Acu\u00e1ticos de la Pontificia Universidad Cat\u00f3lica de Valpara\u00edso.<\/p>\n<p data-start=\"1748\" data-end=\"2133\">El trabajo aborda una enfermedad cuya importancia sanitaria ha aumentado en la salmonicultura nacional. De acuerdo con antecedentes de Sernapesca citados por los autores, la tenacibaculosis represent\u00f3 el 31,5% de la mortalidad infecciosa atribuida en salm\u00f3n Atl\u00e1ntico, posicion\u00e1ndose como la segunda causa infecciosa de mortalidad en esta especie.<\/p>\n<h3 data-section-id=\"1mlaj1r\" data-start=\"2135\" data-end=\"2179\">Una respuesta que cambia seg\u00fan el tejido<\/h3>\n<p data-start=\"2181\" data-end=\"2594\">Para estudiar c\u00f3mo responde el pez frente a la bacteria, los investigadores realizaron un desaf\u00edo experimental por inmersi\u00f3n con la cepa chilena TdCh06 de <em data-start=\"2336\" data-end=\"2353\">T. dicentrarchi<\/em>. Sesenta salmones Atl\u00e1ntico fueron expuestos durante cinco horas y posteriormente mantenidos durante diez d\u00edas, junto a un grupo control que pas\u00f3 por el mismo procedimiento sin contacto con la bacteria.<\/p>\n<p data-start=\"2596\" data-end=\"2969\">Durante el ensayo se registr\u00f3 una mortalidad acumulada promedio de 40% en los peces expuestos. Las muertes comenzaron al segundo d\u00eda y cesaron aproximadamente una semana despu\u00e9s, mientras que no se observaron mortalidades en los controles. La bacteria fue recuperada desde las lesiones de los peces afectados y confirmada mediante PCR.<\/p>\n<p data-start=\"2971\" data-end=\"3380\">El objetivo principal, sin embargo, fue seguir la respuesta inmunitaria. Los investigadores analizaron la expresi\u00f3n de 20 genes asociados a distintos mecanismos de defensa en bazo, ri\u00f1\u00f3n cef\u00e1lico, branquias y piel\/m\u00fasculo. Siete de ellos pudieron ser evaluados de manera consistente y mostraron patrones que variaron seg\u00fan el tejido y el momento posterior a la infecci\u00f3n.<\/p>\n<p data-start=\"3382\" data-end=\"3711\">En el bazo se observ\u00f3 una respuesta temprana, con cambios detectables desde el segundo d\u00eda que posteriormente disminuyeron hacia el final del ensayo. El ri\u00f1\u00f3n cef\u00e1lico mostr\u00f3 un patr\u00f3n diferente, con una activaci\u00f3n m\u00e1s progresiva y se\u00f1ales que alcanzaron sus mayores niveles hacia el d\u00eda 10.<\/p>\n<p data-start=\"3713\" data-end=\"4029\">En las branquias, en tanto, se registr\u00f3 activaci\u00f3n temprana de distintos marcadores y una respuesta inflamatoria que persisti\u00f3 hasta el final del experimento. En piel y m\u00fasculo tambi\u00e9n se observaron cambios desde los primeros d\u00edas, con algunas se\u00f1ales mantenidas hasta el d\u00eda 8.<\/p>\n<h3 data-section-id=\"9qhtw9\" data-start=\"4031\" data-end=\"4083\">Posibles marcadores para futuras investigaciones<\/h3>\n<p data-start=\"4085\" data-end=\"4500\">A partir de estos resultados, los autores plantean que siete genes, IL-1\u03b2, MHC-I, MHC-II, IFN-\u03b11, IL-2, IL-10 y Arg-1, podr\u00edan utilizarse como indicadores transcripcionales para caracterizar la interacci\u00f3n entre el salm\u00f3n Atl\u00e1ntico y <em data-start=\"4319\" data-end=\"4336\">T. dicentrarchi<\/em>. Tambi\u00e9n se\u00f1alan que podr\u00edan ser \u00fatiles en estudios futuros orientados a evaluar la eficacia de vacunas contra esta bacteria.<\/p>\n<p data-start=\"4502\" data-end=\"4925\">Los investigadores advierten, sin embargo, que una se\u00f1al inmunitaria persistente no implica necesariamente que el pez est\u00e9 eliminando eficazmente la infecci\u00f3n. En algunos tejidos, la mantenci\u00f3n o aumento tard\u00edo de determinados marcadores podr\u00eda reflejar una estimulaci\u00f3n inmunitaria sostenida e incluso una respuesta insuficiente o desregulada durante la progresi\u00f3n de la enfermedad.<\/p>\n<p data-start=\"4927\" data-end=\"5123\" data-is-last-node=\"\" data-is-only-node=\"\"><a href=\"https:\/\/onlinelibrary.wiley.com\/doi\/10.1111\/jfd.70283\">El estudio completo, <em data-start=\"4948\" data-end=\"5077\">Immune Response of Atlantic Salmon (Salmo salar) Experimentally Infected by Immersion Challenge With Tenacibaculum dicentrarchi<\/em>, fue publicado en <em data-start=\"5096\" data-end=\"5122\">Journal of Fish Diseases<\/em>.<\/a><\/p>\n<\/div>\n<\/div>\n<\/div>\n<\/div>\n<\/div>\n<\/div>\n<\/section>\n<\/div>\n<\/div>\n","protected":false},"excerpt":{"rendered":"<p>Investigadores de la Universidad Andr\u00e9s Bello, INCAR\u00b2, CIMARQ, Universidad de Santiago y PUCV analizaron c\u00f3mo responde el salm\u00f3n Atl\u00e1ntico a una infecci\u00f3n experimental por Tenacibaculum dicentrarchi. El estudio mostr\u00f3 patrones inmunitarios distintos entre bazo, ri\u00f1\u00f3n cef\u00e1lico, branquias y piel\/m\u00fasculo, e identific\u00f3 siete genes que podr\u00edan servir como indicadores transcripcionales en futuras investigaciones y evaluaciones de vacunas.<\/p>\n","protected":false},"author":10,"featured_media":92099,"comment_status":"closed","ping_status":"closed","sticky":false,"template":"","format":"standard","meta":{"footnotes":""},"categories":[398],"tags":[1778,8240,28051,3144,5377,447,19714,1357,3447,1109,3163,6890,764,763,1956],"class_list":["post-92095","post","type-post","status-publish","format-standard","has-post-thumbnail","hentry","category-titular","tag-cimarq","tag-enfermedades-bacterianas","tag-incar","tag-inmunologia","tag-journal-of-fish-diseases","tag-pucv","tag-respuesta-inmune","tag-salmon-atlantico","tag-salmonicultura-chilena","tag-salud-de-peces","tag-tenacibaculosis","tag-tenacibaculum-dicentrarchi","tag-universidad-andres-bello","tag-universidad-de-santiago-de-chile","tag-vacunas"],"yoast_head":"<!-- This site is optimized with the Yoast SEO plugin v28.3 - https:\/\/yoast.com\/product\/yoast-seo-wordpress\/ -->\n<title>La tenacibaculosis activa distintas defensas seg\u00fan el tejido del salm\u00f3n Atl\u00e1ntico - Mundoacuicola<\/title>\n<meta name=\"description\" content=\"Estudio chileno identific\u00f3 respuestas inmunitarias distintas por tejido frente a T. dicentrarchi y posibles marcadores para futuras vacunas.\" \/>\n<meta name=\"robots\" content=\"index, follow, max-snippet:-1, max-image-preview:large, max-video-preview:-1\" \/>\n<link rel=\"canonical\" href=\"https:\/\/www.mundoacuicola.cl\/new\/la-tenacibaculosis-activa-distintas-defensas-segun-el-tejido-del-salmon-atlantico\/\" \/>\n<meta property=\"og:locale\" content=\"es_ES\" \/>\n<meta property=\"og:type\" content=\"article\" \/>\n<meta property=\"og:title\" content=\"La tenacibaculosis activa distintas defensas seg\u00fan el tejido del salm\u00f3n Atl\u00e1ntico - Mundoacuicola\" \/>\n<meta property=\"og:description\" content=\"Estudio chileno identific\u00f3 respuestas inmunitarias distintas por tejido frente a T. dicentrarchi y posibles marcadores para futuras vacunas.\" \/>\n<meta property=\"og:url\" content=\"https:\/\/www.mundoacuicola.cl\/new\/la-tenacibaculosis-activa-distintas-defensas-segun-el-tejido-del-salmon-atlantico\/\" \/>\n<meta property=\"og:site_name\" content=\"Mundoacuicola\" \/>\n<meta property=\"article:publisher\" content=\"https:\/\/www.facebook.com\/mundo.acuicola\/\" \/>\n<meta property=\"article:published_time\" content=\"2026-09-01T19:55:15+00:00\" \/>\n<meta property=\"og:image\" content=\"https:\/\/www.mundoacuicola.cl\/new\/wp-content\/uploads\/2026\/09\/Tenacibaculocis.png\" \/>\n\t<meta property=\"og:image:width\" content=\"1200\" \/>\n\t<meta property=\"og:image:height\" content=\"700\" \/>\n\t<meta property=\"og:image:type\" content=\"image\/png\" \/>\n<meta name=\"author\" content=\"mbarrueto\" \/>\n<meta name=\"twitter:card\" content=\"summary_large_image\" \/>\n<meta name=\"twitter:creator\" content=\"@mundoacuicola\" \/>\n<meta name=\"twitter:site\" content=\"@mundoacuicola\" \/>\n<meta name=\"twitter:label1\" content=\"Escrito por\" \/>\n\t<meta name=\"twitter:data1\" content=\"mbarrueto\" \/>\n\t<meta name=\"twitter:label2\" content=\"Tiempo de lectura\" \/>\n\t<meta name=\"twitter:data2\" content=\"3 minutos\" \/>\n<script type=\"application\/ld+json\" class=\"yoast-schema-graph\">{\"@context\":\"https:\\\/\\\/schema.org\",\"@graph\":[{\"@type\":\"Article\",\"@id\":\"https:\\\/\\\/www.mundoacuicola.cl\\\/new\\\/la-tenacibaculosis-activa-distintas-defensas-segun-el-tejido-del-salmon-atlantico\\\/#article\",\"isPartOf\":{\"@id\":\"https:\\\/\\\/www.mundoacuicola.cl\\\/new\\\/la-tenacibaculosis-activa-distintas-defensas-segun-el-tejido-del-salmon-atlantico\\\/\"},\"author\":{\"name\":\"mbarrueto\",\"@id\":\"https:\\\/\\\/www.mundoacuicola.cl\\\/new\\\/#\\\/schema\\\/person\\\/c00ffe389abb88bd9254653add139315\"},\"headline\":\"La tenacibaculosis activa distintas defensas seg\u00fan el tejido del salm\u00f3n Atl\u00e1ntico\",\"datePublished\":\"2026-09-01T19:55:15+00:00\",\"mainEntityOfPage\":{\"@id\":\"https:\\\/\\\/www.mundoacuicola.cl\\\/new\\\/la-tenacibaculosis-activa-distintas-defensas-segun-el-tejido-del-salmon-atlantico\\\/\"},\"wordCount\":663,\"publisher\":{\"@id\":\"https:\\\/\\\/www.mundoacuicola.cl\\\/new\\\/#organization\"},\"image\":{\"@id\":\"https:\\\/\\\/www.mundoacuicola.cl\\\/new\\\/la-tenacibaculosis-activa-distintas-defensas-segun-el-tejido-del-salmon-atlantico\\\/#primaryimage\"},\"thumbnailUrl\":\"https:\\\/\\\/www.mundoacuicola.cl\\\/new\\\/wp-content\\\/uploads\\\/2026\\\/09\\\/Tenacibaculocis.png\",\"keywords\":[\"Cimarq\",\"enfermedades bacterianas\",\"INCAR\u00b2\",\"inmunolog\u00eda\",\"journal of fish diseases\",\"PUCV\",\"respuesta inmune\",\"Salm\u00f3n Atl\u00e1ntico\",\"salmonicultura chilena\",\"Salud de peces\",\"tenacibaculosis\",\"Tenacibaculum dicentrarchi\",\"Universidad Andr\u00e9s Bello\",\"Universidad de Santiago de Chile\",\"vacunas\"],\"articleSection\":[\"Titular 1\"],\"inLanguage\":\"es\"},{\"@type\":\"WebPage\",\"@id\":\"https:\\\/\\\/www.mundoacuicola.cl\\\/new\\\/la-tenacibaculosis-activa-distintas-defensas-segun-el-tejido-del-salmon-atlantico\\\/\",\"url\":\"https:\\\/\\\/www.mundoacuicola.cl\\\/new\\\/la-tenacibaculosis-activa-distintas-defensas-segun-el-tejido-del-salmon-atlantico\\\/\",\"name\":\"La tenacibaculosis activa distintas defensas seg\u00fan el tejido del salm\u00f3n Atl\u00e1ntico - Mundoacuicola\",\"isPartOf\":{\"@id\":\"https:\\\/\\\/www.mundoacuicola.cl\\\/new\\\/#website\"},\"primaryImageOfPage\":{\"@id\":\"https:\\\/\\\/www.mundoacuicola.cl\\\/new\\\/la-tenacibaculosis-activa-distintas-defensas-segun-el-tejido-del-salmon-atlantico\\\/#primaryimage\"},\"image\":{\"@id\":\"https:\\\/\\\/www.mundoacuicola.cl\\\/new\\\/la-tenacibaculosis-activa-distintas-defensas-segun-el-tejido-del-salmon-atlantico\\\/#primaryimage\"},\"thumbnailUrl\":\"https:\\\/\\\/www.mundoacuicola.cl\\\/new\\\/wp-content\\\/uploads\\\/2026\\\/09\\\/Tenacibaculocis.png\",\"datePublished\":\"2026-09-01T19:55:15+00:00\",\"description\":\"Estudio chileno identific\u00f3 respuestas inmunitarias distintas por tejido frente a T. dicentrarchi y posibles marcadores para futuras vacunas.\",\"breadcrumb\":{\"@id\":\"https:\\\/\\\/www.mundoacuicola.cl\\\/new\\\/la-tenacibaculosis-activa-distintas-defensas-segun-el-tejido-del-salmon-atlantico\\\/#breadcrumb\"},\"inLanguage\":\"es\",\"potentialAction\":[{\"@type\":\"ReadAction\",\"target\":[\"https:\\\/\\\/www.mundoacuicola.cl\\\/new\\\/la-tenacibaculosis-activa-distintas-defensas-segun-el-tejido-del-salmon-atlantico\\\/\"]}]},{\"@type\":\"ImageObject\",\"inLanguage\":\"es\",\"@id\":\"https:\\\/\\\/www.mundoacuicola.cl\\\/new\\\/la-tenacibaculosis-activa-distintas-defensas-segun-el-tejido-del-salmon-atlantico\\\/#primaryimage\",\"url\":\"https:\\\/\\\/www.mundoacuicola.cl\\\/new\\\/wp-content\\\/uploads\\\/2026\\\/09\\\/Tenacibaculocis.png\",\"contentUrl\":\"https:\\\/\\\/www.mundoacuicola.cl\\\/new\\\/wp-content\\\/uploads\\\/2026\\\/09\\\/Tenacibaculocis.png\",\"width\":1200,\"height\":700},{\"@type\":\"BreadcrumbList\",\"@id\":\"https:\\\/\\\/www.mundoacuicola.cl\\\/new\\\/la-tenacibaculosis-activa-distintas-defensas-segun-el-tejido-del-salmon-atlantico\\\/#breadcrumb\",\"itemListElement\":[{\"@type\":\"ListItem\",\"position\":1,\"name\":\"Portada\",\"item\":\"https:\\\/\\\/www.mundoacuicola.cl\\\/new\\\/\"},{\"@type\":\"ListItem\",\"position\":2,\"name\":\"La tenacibaculosis activa distintas defensas seg\u00fan el tejido del salm\u00f3n Atl\u00e1ntico\"}]},{\"@type\":\"WebSite\",\"@id\":\"https:\\\/\\\/www.mundoacuicola.cl\\\/new\\\/#website\",\"url\":\"https:\\\/\\\/www.mundoacuicola.cl\\\/new\\\/\",\"name\":\"Mundoacuicola\",\"description\":\"Revista de Acuicultura.\",\"publisher\":{\"@id\":\"https:\\\/\\\/www.mundoacuicola.cl\\\/new\\\/#organization\"},\"potentialAction\":[{\"@type\":\"SearchAction\",\"target\":{\"@type\":\"EntryPoint\",\"urlTemplate\":\"https:\\\/\\\/www.mundoacuicola.cl\\\/new\\\/?s={search_term_string}\"},\"query-input\":{\"@type\":\"PropertyValueSpecification\",\"valueRequired\":true,\"valueName\":\"search_term_string\"}}],\"inLanguage\":\"es\"},{\"@type\":\"Organization\",\"@id\":\"https:\\\/\\\/www.mundoacuicola.cl\\\/new\\\/#organization\",\"name\":\"Mundoacuicola\",\"url\":\"https:\\\/\\\/www.mundoacuicola.cl\\\/new\\\/\",\"logo\":{\"@type\":\"ImageObject\",\"inLanguage\":\"es\",\"@id\":\"https:\\\/\\\/www.mundoacuicola.cl\\\/new\\\/#\\\/schema\\\/logo\\\/image\\\/\",\"url\":\"https:\\\/\\\/www.mundoacuicola.cl\\\/new\\\/wp-content\\\/uploads\\\/2026\\\/01\\\/cropped-LOGO-Mundo-Acuicola-2026.png\",\"contentUrl\":\"https:\\\/\\\/www.mundoacuicola.cl\\\/new\\\/wp-content\\\/uploads\\\/2026\\\/01\\\/cropped-LOGO-Mundo-Acuicola-2026.png\",\"width\":1252,\"height\":296,\"caption\":\"Mundoacuicola\"},\"image\":{\"@id\":\"https:\\\/\\\/www.mundoacuicola.cl\\\/new\\\/#\\\/schema\\\/logo\\\/image\\\/\"},\"sameAs\":[\"https:\\\/\\\/www.facebook.com\\\/mundo.acuicola\\\/\",\"https:\\\/\\\/x.com\\\/mundoacuicola\",\"https:\\\/\\\/www.linkedin.com\\\/in\\\/mundo-acuicola\"]},{\"@type\":\"Person\",\"@id\":\"https:\\\/\\\/www.mundoacuicola.cl\\\/new\\\/#\\\/schema\\\/person\\\/c00ffe389abb88bd9254653add139315\",\"name\":\"mbarrueto\",\"url\":\"https:\\\/\\\/www.mundoacuicola.cl\\\/new\\\/author\\\/mbarrueto\\\/\"}]}<\/script>\n<!-- \/ Yoast SEO plugin. -->","yoast_head_json":{"title":"La tenacibaculosis activa distintas defensas seg\u00fan el tejido del salm\u00f3n Atl\u00e1ntico - Mundoacuicola","description":"Estudio chileno identific\u00f3 respuestas inmunitarias distintas por tejido frente a T. dicentrarchi y posibles marcadores para futuras vacunas.","robots":{"index":"index","follow":"follow","max-snippet":"max-snippet:-1","max-image-preview":"max-image-preview:large","max-video-preview":"max-video-preview:-1"},"canonical":"https:\/\/www.mundoacuicola.cl\/new\/la-tenacibaculosis-activa-distintas-defensas-segun-el-tejido-del-salmon-atlantico\/","og_locale":"es_ES","og_type":"article","og_title":"La tenacibaculosis activa distintas defensas seg\u00fan el tejido del salm\u00f3n Atl\u00e1ntico - Mundoacuicola","og_description":"Estudio chileno identific\u00f3 respuestas inmunitarias distintas por tejido frente a T. dicentrarchi y posibles marcadores para futuras vacunas.","og_url":"https:\/\/www.mundoacuicola.cl\/new\/la-tenacibaculosis-activa-distintas-defensas-segun-el-tejido-del-salmon-atlantico\/","og_site_name":"Mundoacuicola","article_publisher":"https:\/\/www.facebook.com\/mundo.acuicola\/","article_published_time":"2026-09-01T19:55:15+00:00","og_image":[{"width":1200,"height":700,"url":"https:\/\/www.mundoacuicola.cl\/new\/wp-content\/uploads\/2026\/09\/Tenacibaculocis.png","type":"image\/png"}],"author":"mbarrueto","twitter_card":"summary_large_image","twitter_creator":"@mundoacuicola","twitter_site":"@mundoacuicola","twitter_misc":{"Escrito por":"mbarrueto","Tiempo de lectura":"3 minutos"},"schema":{"@context":"https:\/\/schema.org","@graph":[{"@type":"Article","@id":"https:\/\/www.mundoacuicola.cl\/new\/la-tenacibaculosis-activa-distintas-defensas-segun-el-tejido-del-salmon-atlantico\/#article","isPartOf":{"@id":"https:\/\/www.mundoacuicola.cl\/new\/la-tenacibaculosis-activa-distintas-defensas-segun-el-tejido-del-salmon-atlantico\/"},"author":{"name":"mbarrueto","@id":"https:\/\/www.mundoacuicola.cl\/new\/#\/schema\/person\/c00ffe389abb88bd9254653add139315"},"headline":"La tenacibaculosis activa distintas defensas seg\u00fan el tejido del salm\u00f3n Atl\u00e1ntico","datePublished":"2026-09-01T19:55:15+00:00","mainEntityOfPage":{"@id":"https:\/\/www.mundoacuicola.cl\/new\/la-tenacibaculosis-activa-distintas-defensas-segun-el-tejido-del-salmon-atlantico\/"},"wordCount":663,"publisher":{"@id":"https:\/\/www.mundoacuicola.cl\/new\/#organization"},"image":{"@id":"https:\/\/www.mundoacuicola.cl\/new\/la-tenacibaculosis-activa-distintas-defensas-segun-el-tejido-del-salmon-atlantico\/#primaryimage"},"thumbnailUrl":"https:\/\/www.mundoacuicola.cl\/new\/wp-content\/uploads\/2026\/09\/Tenacibaculocis.png","keywords":["Cimarq","enfermedades bacterianas","INCAR\u00b2","inmunolog\u00eda","journal of fish diseases","PUCV","respuesta inmune","Salm\u00f3n Atl\u00e1ntico","salmonicultura chilena","Salud de peces","tenacibaculosis","Tenacibaculum dicentrarchi","Universidad Andr\u00e9s Bello","Universidad de Santiago de Chile","vacunas"],"articleSection":["Titular 1"],"inLanguage":"es"},{"@type":"WebPage","@id":"https:\/\/www.mundoacuicola.cl\/new\/la-tenacibaculosis-activa-distintas-defensas-segun-el-tejido-del-salmon-atlantico\/","url":"https:\/\/www.mundoacuicola.cl\/new\/la-tenacibaculosis-activa-distintas-defensas-segun-el-tejido-del-salmon-atlantico\/","name":"La tenacibaculosis activa distintas defensas seg\u00fan el tejido del salm\u00f3n Atl\u00e1ntico - Mundoacuicola","isPartOf":{"@id":"https:\/\/www.mundoacuicola.cl\/new\/#website"},"primaryImageOfPage":{"@id":"https:\/\/www.mundoacuicola.cl\/new\/la-tenacibaculosis-activa-distintas-defensas-segun-el-tejido-del-salmon-atlantico\/#primaryimage"},"image":{"@id":"https:\/\/www.mundoacuicola.cl\/new\/la-tenacibaculosis-activa-distintas-defensas-segun-el-tejido-del-salmon-atlantico\/#primaryimage"},"thumbnailUrl":"https:\/\/www.mundoacuicola.cl\/new\/wp-content\/uploads\/2026\/09\/Tenacibaculocis.png","datePublished":"2026-09-01T19:55:15+00:00","description":"Estudio chileno identific\u00f3 respuestas inmunitarias distintas por tejido frente a T. dicentrarchi y posibles marcadores para futuras vacunas.","breadcrumb":{"@id":"https:\/\/www.mundoacuicola.cl\/new\/la-tenacibaculosis-activa-distintas-defensas-segun-el-tejido-del-salmon-atlantico\/#breadcrumb"},"inLanguage":"es","potentialAction":[{"@type":"ReadAction","target":["https:\/\/www.mundoacuicola.cl\/new\/la-tenacibaculosis-activa-distintas-defensas-segun-el-tejido-del-salmon-atlantico\/"]}]},{"@type":"ImageObject","inLanguage":"es","@id":"https:\/\/www.mundoacuicola.cl\/new\/la-tenacibaculosis-activa-distintas-defensas-segun-el-tejido-del-salmon-atlantico\/#primaryimage","url":"https:\/\/www.mundoacuicola.cl\/new\/wp-content\/uploads\/2026\/09\/Tenacibaculocis.png","contentUrl":"https:\/\/www.mundoacuicola.cl\/new\/wp-content\/uploads\/2026\/09\/Tenacibaculocis.png","width":1200,"height":700},{"@type":"BreadcrumbList","@id":"https:\/\/www.mundoacuicola.cl\/new\/la-tenacibaculosis-activa-distintas-defensas-segun-el-tejido-del-salmon-atlantico\/#breadcrumb","itemListElement":[{"@type":"ListItem","position":1,"name":"Portada","item":"https:\/\/www.mundoacuicola.cl\/new\/"},{"@type":"ListItem","position":2,"name":"La tenacibaculosis activa distintas defensas seg\u00fan el tejido del salm\u00f3n Atl\u00e1ntico"}]},{"@type":"WebSite","@id":"https:\/\/www.mundoacuicola.cl\/new\/#website","url":"https:\/\/www.mundoacuicola.cl\/new\/","name":"Mundoacuicola","description":"Revista de Acuicultura.","publisher":{"@id":"https:\/\/www.mundoacuicola.cl\/new\/#organization"},"potentialAction":[{"@type":"SearchAction","target":{"@type":"EntryPoint","urlTemplate":"https:\/\/www.mundoacuicola.cl\/new\/?s={search_term_string}"},"query-input":{"@type":"PropertyValueSpecification","valueRequired":true,"valueName":"search_term_string"}}],"inLanguage":"es"},{"@type":"Organization","@id":"https:\/\/www.mundoacuicola.cl\/new\/#organization","name":"Mundoacuicola","url":"https:\/\/www.mundoacuicola.cl\/new\/","logo":{"@type":"ImageObject","inLanguage":"es","@id":"https:\/\/www.mundoacuicola.cl\/new\/#\/schema\/logo\/image\/","url":"https:\/\/www.mundoacuicola.cl\/new\/wp-content\/uploads\/2026\/01\/cropped-LOGO-Mundo-Acuicola-2026.png","contentUrl":"https:\/\/www.mundoacuicola.cl\/new\/wp-content\/uploads\/2026\/01\/cropped-LOGO-Mundo-Acuicola-2026.png","width":1252,"height":296,"caption":"Mundoacuicola"},"image":{"@id":"https:\/\/www.mundoacuicola.cl\/new\/#\/schema\/logo\/image\/"},"sameAs":["https:\/\/www.facebook.com\/mundo.acuicola\/","https:\/\/x.com\/mundoacuicola","https:\/\/www.linkedin.com\/in\/mundo-acuicola"]},{"@type":"Person","@id":"https:\/\/www.mundoacuicola.cl\/new\/#\/schema\/person\/c00ffe389abb88bd9254653add139315","name":"mbarrueto","url":"https:\/\/www.mundoacuicola.cl\/new\/author\/mbarrueto\/"}]}},"_links":{"self":[{"href":"https:\/\/www.mundoacuicola.cl\/new\/wp-json\/wp\/v2\/posts\/92095","targetHints":{"allow":["GET"]}}],"collection":[{"href":"https:\/\/www.mundoacuicola.cl\/new\/wp-json\/wp\/v2\/posts"}],"about":[{"href":"https:\/\/www.mundoacuicola.cl\/new\/wp-json\/wp\/v2\/types\/post"}],"author":[{"embeddable":true,"href":"https:\/\/www.mundoacuicola.cl\/new\/wp-json\/wp\/v2\/users\/10"}],"replies":[{"embeddable":true,"href":"https:\/\/www.mundoacuicola.cl\/new\/wp-json\/wp\/v2\/comments?post=92095"}],"version-history":[{"count":1,"href":"https:\/\/www.mundoacuicola.cl\/new\/wp-json\/wp\/v2\/posts\/92095\/revisions"}],"predecessor-version":[{"id":92100,"href":"https:\/\/www.mundoacuicola.cl\/new\/wp-json\/wp\/v2\/posts\/92095\/revisions\/92100"}],"wp:featuredmedia":[{"embeddable":true,"href":"https:\/\/www.mundoacuicola.cl\/new\/wp-json\/wp\/v2\/media\/92099"}],"wp:attachment":[{"href":"https:\/\/www.mundoacuicola.cl\/new\/wp-json\/wp\/v2\/media?parent=92095"}],"wp:term":[{"taxonomy":"category","embeddable":true,"href":"https:\/\/www.mundoacuicola.cl\/new\/wp-json\/wp\/v2\/categories?post=92095"},{"taxonomy":"post_tag","embeddable":true,"href":"https:\/\/www.mundoacuicola.cl\/new\/wp-json\/wp\/v2\/tags?post=92095"}],"curies":[{"name":"wp","href":"https:\/\/api.w.org\/{rel}","templated":true}]}}