{"id":92096,"date":"2026-09-01T15:47:42","date_gmt":"2026-09-01T19:47:42","guid":{"rendered":"https:\/\/www.mundoacuicola.cl\/new\/?p=92096"},"modified":"2026-09-01T17:01:38","modified_gmt":"2026-09-01T21:01:38","slug":"paso-agosto-finaliza-veda-de-la-merluza-austral","status":"publish","type":"post","link":"https:\/\/www.mundoacuicola.cl\/new\/paso-agosto-finaliza-veda-de-la-merluza-austral\/","title":{"rendered":"Pas\u00f3 agosto: finaliza veda de la merluza austral"},"content":{"rendered":"<p><span style=\"font-weight: 400;\">Despu\u00e9s de un mes de veda durante todo agosto, el ente fiscalizador hizo un balance positivo ante la medida que busca proteger el peak reproductivo de este apreciado recurso que se encuentra en estado de sobrexplotaci\u00f3n.<\/span><\/p>\n<p><span style=\"font-weight: 400;\">A nivel nacional, pero con foco en el sur del pa\u00eds, se desarrollaron 135 operativos de fiscalizaci\u00f3n, controlando a un total de 469 personas, 1.394 toneladas de recursos del mar de origen legal y 226 medios de transporte. Como balance de estas acciones, desde Sernapesca informaron que se incaut\u00f3 un total de 1,1 toneladas de merluza austral y 4 veh\u00edculos.<\/span><\/p>\n<p><span style=\"font-weight: 400;\">Soledad Tapia Almonacid, directora nacional de Sernapesca, destac\u00f3: \u201cEste es un balance positivo que nos demuestra el inter\u00e9s por parte de usuarios y tambi\u00e9n de la ciudadan\u00eda por cuidar la sustentabilidad de un recurso que es de gran importancia para el sector pesquero artesanal del sur y para la gastronom\u00eda nacional. Es relevante destacar la decisi\u00f3n de compra final, donde todos pueden colaborar a tener una pesquer\u00eda sustentable. Si bien la veda finaliz\u00f3, queremos destacar que vamos a continuar con las fiscalizaciones para asegurar que la comercializaci\u00f3n, almacenamiento, transporte y transformaci\u00f3n de este recurso se realice cumpliendo con las exigencias normativas, as\u00ed como otros recursos relevantes para nuestro pa\u00eds\u201d.<\/span><\/p>\n<p><span style=\"font-weight: 400;\">Los operativos realizados durante agosto permitieron, adem\u00e1s, incautar 3,42 toneladas m\u00e1s de otros recursos de origen ilegal, entre los que se encuentra principalmente erizos, pulpos, almejas y locos.<\/span><\/p>\n<p><span style=\"font-weight: 400;\">Finalmente, desde Sernapesca destacaron el apoyo de la Red Sustenta en el desarrollo de los controles en el mes de agosto en puntos de desembarques, zonas de pesca, controles carreteros y en toda la cadena de valor.<\/span><\/p>\n","protected":false},"excerpt":{"rendered":"<p>El Servicio Nacional de Pesca y Acuicultura (Sernapesca) inform\u00f3 el t\u00e9rmino de la veda de la merluza austral, retom\u00e1ndose su captura y comercializaci\u00f3n.<\/p>\n","protected":false},"author":8,"featured_media":92098,"comment_status":"closed","ping_status":"closed","sticky":false,"template":"","format":"standard","meta":{"footnotes":""},"categories":[405],"tags":[131,441,13099,125,1988,6640,3028,17921,15069],"class_list":["post-92096","post","type-post","status-publish","format-standard","has-post-thumbnail","hentry","category-titular-3","tag-merluza-austral","tag-pesca-artesanal","tag-recursos-del-mar","tag-sernapesca","tag-sobreexplotacion","tag-soledad-tapia","tag-sur-de-chile","tag-sustentabilidad-pesquera","tag-veda-merluza-austral"],"yoast_head":"<!-- This site is optimized with the Yoast SEO plugin v28.3 - https:\/\/yoast.com\/product\/yoast-seo-wordpress\/ -->\n<title>Pas\u00f3 agosto: finaliza veda de la merluza austral - Mundoacuicola<\/title>\n<meta name=\"description\" content=\"El Servicio Nacional de Pesca y Acuicultura inform\u00f3 el t\u00e9rmino de la veda de la merluza austral, retom\u00e1ndose su captura y comercializaci\u00f3n.\" \/>\n<meta name=\"robots\" content=\"index, follow, max-snippet:-1, max-image-preview:large, max-video-preview:-1\" \/>\n<link rel=\"canonical\" href=\"https:\/\/www.mundoacuicola.cl\/new\/paso-agosto-finaliza-veda-de-la-merluza-austral\/\" \/>\n<meta property=\"og:locale\" content=\"es_ES\" \/>\n<meta property=\"og:type\" content=\"article\" \/>\n<meta property=\"og:title\" content=\"Pas\u00f3 agosto: finaliza veda de la merluza austral - Mundoacuicola\" \/>\n<meta property=\"og:description\" content=\"El Servicio Nacional de Pesca y Acuicultura inform\u00f3 el t\u00e9rmino de la veda de la merluza austral, retom\u00e1ndose su captura y comercializaci\u00f3n.\" \/>\n<meta property=\"og:url\" content=\"https:\/\/www.mundoacuicola.cl\/new\/paso-agosto-finaliza-veda-de-la-merluza-austral\/\" \/>\n<meta property=\"og:site_name\" content=\"Mundoacuicola\" \/>\n<meta property=\"article:publisher\" content=\"https:\/\/www.facebook.com\/mundo.acuicola\/\" \/>\n<meta property=\"article:published_time\" content=\"2026-09-01T19:47:42+00:00\" \/>\n<meta property=\"article:modified_time\" content=\"2026-09-01T21:01:38+00:00\" \/>\n<meta property=\"og:image\" content=\"https:\/\/www.mundoacuicola.cl\/new\/wp-content\/uploads\/2026\/09\/SernapescaVedaMerluza2.jpg\" \/>\n\t<meta property=\"og:image:width\" content=\"1200\" \/>\n\t<meta property=\"og:image:height\" content=\"770\" \/>\n\t<meta property=\"og:image:type\" content=\"image\/jpeg\" \/>\n<meta name=\"author\" content=\"Ricardo Alvarez\" \/>\n<meta name=\"twitter:card\" content=\"summary_large_image\" \/>\n<meta name=\"twitter:creator\" content=\"@mundoacuicola\" \/>\n<meta name=\"twitter:site\" content=\"@mundoacuicola\" \/>\n<meta name=\"twitter:label1\" content=\"Escrito por\" \/>\n\t<meta name=\"twitter:data1\" content=\"Ricardo Alvarez\" \/>\n\t<meta name=\"twitter:label2\" content=\"Tiempo de lectura\" \/>\n\t<meta name=\"twitter:data2\" content=\"2 minutos\" \/>\n<script type=\"application\/ld+json\" class=\"yoast-schema-graph\">{\"@context\":\"https:\\\/\\\/schema.org\",\"@graph\":[{\"@type\":\"Article\",\"@id\":\"https:\\\/\\\/www.mundoacuicola.cl\\\/new\\\/paso-agosto-finaliza-veda-de-la-merluza-austral\\\/#article\",\"isPartOf\":{\"@id\":\"https:\\\/\\\/www.mundoacuicola.cl\\\/new\\\/paso-agosto-finaliza-veda-de-la-merluza-austral\\\/\"},\"author\":{\"name\":\"Ricardo Alvarez\",\"@id\":\"https:\\\/\\\/www.mundoacuicola.cl\\\/new\\\/#\\\/schema\\\/person\\\/52cfe7e461eb2d30484965350ee34bdd\"},\"headline\":\"Pas\u00f3 agosto: finaliza veda de la merluza austral\",\"datePublished\":\"2026-09-01T19:47:42+00:00\",\"dateModified\":\"2026-09-01T21:01:38+00:00\",\"mainEntityOfPage\":{\"@id\":\"https:\\\/\\\/www.mundoacuicola.cl\\\/new\\\/paso-agosto-finaliza-veda-de-la-merluza-austral\\\/\"},\"wordCount\":287,\"publisher\":{\"@id\":\"https:\\\/\\\/www.mundoacuicola.cl\\\/new\\\/#organization\"},\"image\":{\"@id\":\"https:\\\/\\\/www.mundoacuicola.cl\\\/new\\\/paso-agosto-finaliza-veda-de-la-merluza-austral\\\/#primaryimage\"},\"thumbnailUrl\":\"https:\\\/\\\/www.mundoacuicola.cl\\\/new\\\/wp-content\\\/uploads\\\/2026\\\/09\\\/SernapescaVedaMerluza2.jpg\",\"keywords\":[\"Merluza Austral\",\"Pesca artesanal\",\"recursos del mar\",\"Sernapesca\",\"Sobreexplotaci\u00f3n\",\"Soledad Tapia\",\"sur de Chile\",\"sustentabilidad pesquera\",\"veda merluza austral\"],\"articleSection\":[\"Titular 3\"],\"inLanguage\":\"es\"},{\"@type\":\"WebPage\",\"@id\":\"https:\\\/\\\/www.mundoacuicola.cl\\\/new\\\/paso-agosto-finaliza-veda-de-la-merluza-austral\\\/\",\"url\":\"https:\\\/\\\/www.mundoacuicola.cl\\\/new\\\/paso-agosto-finaliza-veda-de-la-merluza-austral\\\/\",\"name\":\"Pas\u00f3 agosto: finaliza veda de la merluza austral - Mundoacuicola\",\"isPartOf\":{\"@id\":\"https:\\\/\\\/www.mundoacuicola.cl\\\/new\\\/#website\"},\"primaryImageOfPage\":{\"@id\":\"https:\\\/\\\/www.mundoacuicola.cl\\\/new\\\/paso-agosto-finaliza-veda-de-la-merluza-austral\\\/#primaryimage\"},\"image\":{\"@id\":\"https:\\\/\\\/www.mundoacuicola.cl\\\/new\\\/paso-agosto-finaliza-veda-de-la-merluza-austral\\\/#primaryimage\"},\"thumbnailUrl\":\"https:\\\/\\\/www.mundoacuicola.cl\\\/new\\\/wp-content\\\/uploads\\\/2026\\\/09\\\/SernapescaVedaMerluza2.jpg\",\"datePublished\":\"2026-09-01T19:47:42+00:00\",\"dateModified\":\"2026-09-01T21:01:38+00:00\",\"description\":\"El Servicio Nacional de Pesca y Acuicultura inform\u00f3 el t\u00e9rmino de la veda de la merluza austral, retom\u00e1ndose su captura y comercializaci\u00f3n.\",\"breadcrumb\":{\"@id\":\"https:\\\/\\\/www.mundoacuicola.cl\\\/new\\\/paso-agosto-finaliza-veda-de-la-merluza-austral\\\/#breadcrumb\"},\"inLanguage\":\"es\",\"potentialAction\":[{\"@type\":\"ReadAction\",\"target\":[\"https:\\\/\\\/www.mundoacuicola.cl\\\/new\\\/paso-agosto-finaliza-veda-de-la-merluza-austral\\\/\"]}]},{\"@type\":\"ImageObject\",\"inLanguage\":\"es\",\"@id\":\"https:\\\/\\\/www.mundoacuicola.cl\\\/new\\\/paso-agosto-finaliza-veda-de-la-merluza-austral\\\/#primaryimage\",\"url\":\"https:\\\/\\\/www.mundoacuicola.cl\\\/new\\\/wp-content\\\/uploads\\\/2026\\\/09\\\/SernapescaVedaMerluza2.jpg\",\"contentUrl\":\"https:\\\/\\\/www.mundoacuicola.cl\\\/new\\\/wp-content\\\/uploads\\\/2026\\\/09\\\/SernapescaVedaMerluza2.jpg\",\"width\":1200,\"height\":770},{\"@type\":\"BreadcrumbList\",\"@id\":\"https:\\\/\\\/www.mundoacuicola.cl\\\/new\\\/paso-agosto-finaliza-veda-de-la-merluza-austral\\\/#breadcrumb\",\"itemListElement\":[{\"@type\":\"ListItem\",\"position\":1,\"name\":\"Portada\",\"item\":\"https:\\\/\\\/www.mundoacuicola.cl\\\/new\\\/\"},{\"@type\":\"ListItem\",\"position\":2,\"name\":\"Pas\u00f3 agosto: finaliza veda de la merluza austral\"}]},{\"@type\":\"WebSite\",\"@id\":\"https:\\\/\\\/www.mundoacuicola.cl\\\/new\\\/#website\",\"url\":\"https:\\\/\\\/www.mundoacuicola.cl\\\/new\\\/\",\"name\":\"Mundoacuicola\",\"description\":\"Revista de Acuicultura.\",\"publisher\":{\"@id\":\"https:\\\/\\\/www.mundoacuicola.cl\\\/new\\\/#organization\"},\"potentialAction\":[{\"@type\":\"SearchAction\",\"target\":{\"@type\":\"EntryPoint\",\"urlTemplate\":\"https:\\\/\\\/www.mundoacuicola.cl\\\/new\\\/?s={search_term_string}\"},\"query-input\":{\"@type\":\"PropertyValueSpecification\",\"valueRequired\":true,\"valueName\":\"search_term_string\"}}],\"inLanguage\":\"es\"},{\"@type\":\"Organization\",\"@id\":\"https:\\\/\\\/www.mundoacuicola.cl\\\/new\\\/#organization\",\"name\":\"Mundoacuicola\",\"url\":\"https:\\\/\\\/www.mundoacuicola.cl\\\/new\\\/\",\"logo\":{\"@type\":\"ImageObject\",\"inLanguage\":\"es\",\"@id\":\"https:\\\/\\\/www.mundoacuicola.cl\\\/new\\\/#\\\/schema\\\/logo\\\/image\\\/\",\"url\":\"https:\\\/\\\/www.mundoacuicola.cl\\\/new\\\/wp-content\\\/uploads\\\/2026\\\/01\\\/cropped-LOGO-Mundo-Acuicola-2026.png\",\"contentUrl\":\"https:\\\/\\\/www.mundoacuicola.cl\\\/new\\\/wp-content\\\/uploads\\\/2026\\\/01\\\/cropped-LOGO-Mundo-Acuicola-2026.png\",\"width\":1252,\"height\":296,\"caption\":\"Mundoacuicola\"},\"image\":{\"@id\":\"https:\\\/\\\/www.mundoacuicola.cl\\\/new\\\/#\\\/schema\\\/logo\\\/image\\\/\"},\"sameAs\":[\"https:\\\/\\\/www.facebook.com\\\/mundo.acuicola\\\/\",\"https:\\\/\\\/x.com\\\/mundoacuicola\",\"https:\\\/\\\/www.linkedin.com\\\/in\\\/mundo-acuicola\"]},{\"@type\":\"Person\",\"@id\":\"https:\\\/\\\/www.mundoacuicola.cl\\\/new\\\/#\\\/schema\\\/person\\\/52cfe7e461eb2d30484965350ee34bdd\",\"name\":\"Ricardo Alvarez\",\"url\":\"https:\\\/\\\/www.mundoacuicola.cl\\\/new\\\/author\\\/ricardo\\\/\"}]}<\/script>\n<!-- \/ Yoast SEO plugin. -->","yoast_head_json":{"title":"Pas\u00f3 agosto: finaliza veda de la merluza austral - Mundoacuicola","description":"El Servicio Nacional de Pesca y Acuicultura inform\u00f3 el t\u00e9rmino de la veda de la merluza austral, retom\u00e1ndose su captura y comercializaci\u00f3n.","robots":{"index":"index","follow":"follow","max-snippet":"max-snippet:-1","max-image-preview":"max-image-preview:large","max-video-preview":"max-video-preview:-1"},"canonical":"https:\/\/www.mundoacuicola.cl\/new\/paso-agosto-finaliza-veda-de-la-merluza-austral\/","og_locale":"es_ES","og_type":"article","og_title":"Pas\u00f3 agosto: finaliza veda de la merluza austral - Mundoacuicola","og_description":"El Servicio Nacional de Pesca y Acuicultura inform\u00f3 el t\u00e9rmino de la veda de la merluza austral, retom\u00e1ndose su captura y comercializaci\u00f3n.","og_url":"https:\/\/www.mundoacuicola.cl\/new\/paso-agosto-finaliza-veda-de-la-merluza-austral\/","og_site_name":"Mundoacuicola","article_publisher":"https:\/\/www.facebook.com\/mundo.acuicola\/","article_published_time":"2026-09-01T19:47:42+00:00","article_modified_time":"2026-09-01T21:01:38+00:00","og_image":[{"width":1200,"height":770,"url":"https:\/\/www.mundoacuicola.cl\/new\/wp-content\/uploads\/2026\/09\/SernapescaVedaMerluza2.jpg","type":"image\/jpeg"}],"author":"Ricardo Alvarez","twitter_card":"summary_large_image","twitter_creator":"@mundoacuicola","twitter_site":"@mundoacuicola","twitter_misc":{"Escrito por":"Ricardo Alvarez","Tiempo de lectura":"2 minutos"},"schema":{"@context":"https:\/\/schema.org","@graph":[{"@type":"Article","@id":"https:\/\/www.mundoacuicola.cl\/new\/paso-agosto-finaliza-veda-de-la-merluza-austral\/#article","isPartOf":{"@id":"https:\/\/www.mundoacuicola.cl\/new\/paso-agosto-finaliza-veda-de-la-merluza-austral\/"},"author":{"name":"Ricardo Alvarez","@id":"https:\/\/www.mundoacuicola.cl\/new\/#\/schema\/person\/52cfe7e461eb2d30484965350ee34bdd"},"headline":"Pas\u00f3 agosto: finaliza veda de la merluza austral","datePublished":"2026-09-01T19:47:42+00:00","dateModified":"2026-09-01T21:01:38+00:00","mainEntityOfPage":{"@id":"https:\/\/www.mundoacuicola.cl\/new\/paso-agosto-finaliza-veda-de-la-merluza-austral\/"},"wordCount":287,"publisher":{"@id":"https:\/\/www.mundoacuicola.cl\/new\/#organization"},"image":{"@id":"https:\/\/www.mundoacuicola.cl\/new\/paso-agosto-finaliza-veda-de-la-merluza-austral\/#primaryimage"},"thumbnailUrl":"https:\/\/www.mundoacuicola.cl\/new\/wp-content\/uploads\/2026\/09\/SernapescaVedaMerluza2.jpg","keywords":["Merluza Austral","Pesca artesanal","recursos del mar","Sernapesca","Sobreexplotaci\u00f3n","Soledad Tapia","sur de Chile","sustentabilidad pesquera","veda merluza austral"],"articleSection":["Titular 3"],"inLanguage":"es"},{"@type":"WebPage","@id":"https:\/\/www.mundoacuicola.cl\/new\/paso-agosto-finaliza-veda-de-la-merluza-austral\/","url":"https:\/\/www.mundoacuicola.cl\/new\/paso-agosto-finaliza-veda-de-la-merluza-austral\/","name":"Pas\u00f3 agosto: finaliza veda de la merluza austral - Mundoacuicola","isPartOf":{"@id":"https:\/\/www.mundoacuicola.cl\/new\/#website"},"primaryImageOfPage":{"@id":"https:\/\/www.mundoacuicola.cl\/new\/paso-agosto-finaliza-veda-de-la-merluza-austral\/#primaryimage"},"image":{"@id":"https:\/\/www.mundoacuicola.cl\/new\/paso-agosto-finaliza-veda-de-la-merluza-austral\/#primaryimage"},"thumbnailUrl":"https:\/\/www.mundoacuicola.cl\/new\/wp-content\/uploads\/2026\/09\/SernapescaVedaMerluza2.jpg","datePublished":"2026-09-01T19:47:42+00:00","dateModified":"2026-09-01T21:01:38+00:00","description":"El Servicio Nacional de Pesca y Acuicultura inform\u00f3 el t\u00e9rmino de la veda de la merluza austral, retom\u00e1ndose su captura y comercializaci\u00f3n.","breadcrumb":{"@id":"https:\/\/www.mundoacuicola.cl\/new\/paso-agosto-finaliza-veda-de-la-merluza-austral\/#breadcrumb"},"inLanguage":"es","potentialAction":[{"@type":"ReadAction","target":["https:\/\/www.mundoacuicola.cl\/new\/paso-agosto-finaliza-veda-de-la-merluza-austral\/"]}]},{"@type":"ImageObject","inLanguage":"es","@id":"https:\/\/www.mundoacuicola.cl\/new\/paso-agosto-finaliza-veda-de-la-merluza-austral\/#primaryimage","url":"https:\/\/www.mundoacuicola.cl\/new\/wp-content\/uploads\/2026\/09\/SernapescaVedaMerluza2.jpg","contentUrl":"https:\/\/www.mundoacuicola.cl\/new\/wp-content\/uploads\/2026\/09\/SernapescaVedaMerluza2.jpg","width":1200,"height":770},{"@type":"BreadcrumbList","@id":"https:\/\/www.mundoacuicola.cl\/new\/paso-agosto-finaliza-veda-de-la-merluza-austral\/#breadcrumb","itemListElement":[{"@type":"ListItem","position":1,"name":"Portada","item":"https:\/\/www.mundoacuicola.cl\/new\/"},{"@type":"ListItem","position":2,"name":"Pas\u00f3 agosto: finaliza veda de la merluza austral"}]},{"@type":"WebSite","@id":"https:\/\/www.mundoacuicola.cl\/new\/#website","url":"https:\/\/www.mundoacuicola.cl\/new\/","name":"Mundoacuicola","description":"Revista de Acuicultura.","publisher":{"@id":"https:\/\/www.mundoacuicola.cl\/new\/#organization"},"potentialAction":[{"@type":"SearchAction","target":{"@type":"EntryPoint","urlTemplate":"https:\/\/www.mundoacuicola.cl\/new\/?s={search_term_string}"},"query-input":{"@type":"PropertyValueSpecification","valueRequired":true,"valueName":"search_term_string"}}],"inLanguage":"es"},{"@type":"Organization","@id":"https:\/\/www.mundoacuicola.cl\/new\/#organization","name":"Mundoacuicola","url":"https:\/\/www.mundoacuicola.cl\/new\/","logo":{"@type":"ImageObject","inLanguage":"es","@id":"https:\/\/www.mundoacuicola.cl\/new\/#\/schema\/logo\/image\/","url":"https:\/\/www.mundoacuicola.cl\/new\/wp-content\/uploads\/2026\/01\/cropped-LOGO-Mundo-Acuicola-2026.png","contentUrl":"https:\/\/www.mundoacuicola.cl\/new\/wp-content\/uploads\/2026\/01\/cropped-LOGO-Mundo-Acuicola-2026.png","width":1252,"height":296,"caption":"Mundoacuicola"},"image":{"@id":"https:\/\/www.mundoacuicola.cl\/new\/#\/schema\/logo\/image\/"},"sameAs":["https:\/\/www.facebook.com\/mundo.acuicola\/","https:\/\/x.com\/mundoacuicola","https:\/\/www.linkedin.com\/in\/mundo-acuicola"]},{"@type":"Person","@id":"https:\/\/www.mundoacuicola.cl\/new\/#\/schema\/person\/52cfe7e461eb2d30484965350ee34bdd","name":"Ricardo Alvarez","url":"https:\/\/www.mundoacuicola.cl\/new\/author\/ricardo\/"}]}},"_links":{"self":[{"href":"https:\/\/www.mundoacuicola.cl\/new\/wp-json\/wp\/v2\/posts\/92096","targetHints":{"allow":["GET"]}}],"collection":[{"href":"https:\/\/www.mundoacuicola.cl\/new\/wp-json\/wp\/v2\/posts"}],"about":[{"href":"https:\/\/www.mundoacuicola.cl\/new\/wp-json\/wp\/v2\/types\/post"}],"author":[{"embeddable":true,"href":"https:\/\/www.mundoacuicola.cl\/new\/wp-json\/wp\/v2\/users\/8"}],"replies":[{"embeddable":true,"href":"https:\/\/www.mundoacuicola.cl\/new\/wp-json\/wp\/v2\/comments?post=92096"}],"version-history":[{"count":1,"href":"https:\/\/www.mundoacuicola.cl\/new\/wp-json\/wp\/v2\/posts\/92096\/revisions"}],"predecessor-version":[{"id":92097,"href":"https:\/\/www.mundoacuicola.cl\/new\/wp-json\/wp\/v2\/posts\/92096\/revisions\/92097"}],"wp:featuredmedia":[{"embeddable":true,"href":"https:\/\/www.mundoacuicola.cl\/new\/wp-json\/wp\/v2\/media\/92098"}],"wp:attachment":[{"href":"https:\/\/www.mundoacuicola.cl\/new\/wp-json\/wp\/v2\/media?parent=92096"}],"wp:term":[{"taxonomy":"category","embeddable":true,"href":"https:\/\/www.mundoacuicola.cl\/new\/wp-json\/wp\/v2\/categories?post=92096"},{"taxonomy":"post_tag","embeddable":true,"href":"https:\/\/www.mundoacuicola.cl\/new\/wp-json\/wp\/v2\/tags?post=92096"}],"curies":[{"name":"wp","href":"https:\/\/api.w.org\/{rel}","templated":true}]}}