{"id":92101,"date":"2026-09-01T17:16:08","date_gmt":"2026-09-01T21:16:08","guid":{"rendered":"https:\/\/www.mundoacuicola.cl\/new\/?p=92101"},"modified":"2026-09-01T17:33:44","modified_gmt":"2026-09-01T21:33:44","slug":"academico-de-u-santo-tomas-participa-en-investigaciones-sobre-srs-y-tenacibaculosis-en-salmonicultura","status":"publish","type":"post","link":"https:\/\/www.mundoacuicola.cl\/new\/academico-de-u-santo-tomas-participa-en-investigaciones-sobre-srs-y-tenacibaculosis-en-salmonicultura\/","title":{"rendered":"Acad\u00e9mico de U. Santo Tom\u00e1s participa en investigaciones sobre SRS y tenacibaculosis en salmonicultura"},"content":{"rendered":"<p class=\"isSelectedEnd\">\u00c1lvaro Gaete-Carrasco, acad\u00e9mico de la Facultad de Recursos Naturales y Medicina Veterinaria de la Universidad Santo Tom\u00e1s, particip\u00f3 en dos investigaciones cient\u00edficas relacionadas con la salud de los peces y la prevenci\u00f3n de enfermedades de importancia para la salmonicultura nacional.<\/p>\n<p class=\"isSelectedEnd\">Uno de los trabajos, publicado en la revista <em>Aquaculture<\/em>, analiz\u00f3 571 ciclos productivos de salm\u00f3n Atl\u00e1ntico desarrollados entre 2013 y 2019 en las regiones de Los Lagos y Ays\u00e9n. El estudio identific\u00f3 la estaci\u00f3n de siembra y el momento de inicio del tratamiento contra la piscirickettsiosis (SRS) como factores asociados a la aparici\u00f3n de los brotes.<\/p>\n<p class=\"isSelectedEnd\">Entre sus resultados, la investigaci\u00f3n determin\u00f3 que los ciclos sembrados durante primavera y aquellos en que el tratamiento se inici\u00f3 con niveles m\u00e1s bajos de mortalidad presentaron una aparici\u00f3n m\u00e1s tard\u00eda de los brotes de SRS.<\/p>\n<p class=\"isSelectedEnd\">De acuerdo con Gaete-Carrasco, estos antecedentes pueden contribuir al desarrollo de estrategias preventivas y a una toma de decisiones sanitarias m\u00e1s oportuna, apuntando a retrasar la aparici\u00f3n de la enfermedad durante el ciclo productivo y favorecer un menor uso de antimicrobianos para su control.<\/p>\n<p class=\"isSelectedEnd\">El acad\u00e9mico tambi\u00e9n particip\u00f3 como primer autor en un segundo estudio, publicado en <em>Journal of Fish Diseases<\/em>, que abord\u00f3 la tenacibaculosis a partir de informaci\u00f3n oficial correspondiente a 1.192 ciclos productivos marinos desarrollados entre 2018 y 2021.<\/p>\n<p class=\"isSelectedEnd\">La investigaci\u00f3n identific\u00f3 que el 65,2% de los ciclos evaluados registr\u00f3 mortalidad asociada a tenacibaculosis. Entre los factores de riesgo detectados se encontr\u00f3 la infestaci\u00f3n por <em>Caligus rogercresseyi<\/em>, que increment\u00f3 3,23 veces la probabilidad de presentar la enfermedad.<\/p>\n<p class=\"isSelectedEnd\">Asimismo, el cultivo de salm\u00f3n Atl\u00e1ntico en la regi\u00f3n de Ays\u00e9n se asoci\u00f3 con un aumento de 5,41 veces en el riesgo de presentar tenacibaculosis.<\/p>\n<p class=\"isSelectedEnd\">Seg\u00fan destac\u00f3 Gaete-Carrasco, uno de los principales aportes de este segundo trabajo fue establecer cuantitativamente la relaci\u00f3n entre la caligidosis, la ubicaci\u00f3n geogr\u00e1fica de los centros de cultivo, la especie cultivada y el riesgo de desarrollar tenacibaculosis.<\/p>\n<p class=\"isSelectedEnd\">Actualmente, el acad\u00e9mico tambi\u00e9n desarrolla labores profesionales en el Servicio Nacional de Pesca y Acuicultura (Sernapesca), instituci\u00f3n cuyos registros sanitarios fueron utilizados como parte de la informaci\u00f3n para estas investigaciones.<\/p>\n<p class=\"isSelectedEnd\">La participaci\u00f3n de Gaete-Carrasco en ambos estudios refleja adem\u00e1s la vinculaci\u00f3n entre investigaci\u00f3n cient\u00edfica, experiencia profesional y formaci\u00f3n acad\u00e9mica, llevando problem\u00e1ticas sanitarias de la industria a la actividad universitaria.<\/p>\n<p><strong>Fuente: Santo Tom\u00e1s en L\u00ednea<\/strong><\/p>\n","protected":false},"excerpt":{"rendered":"<p>\u00c1lvaro Gaete-Carrasco form\u00f3 parte de dos investigaciones que analizaron factores asociados a enfermedades de importancia sanitaria para la salmonicultura chilena.<\/p>\n","protected":false},"author":8,"featured_media":92110,"comment_status":"closed","ping_status":"closed","sticky":false,"template":"","format":"standard","meta":{"footnotes":""},"categories":[404],"tags":[2958,475,202,197,472,761],"class_list":["post-92101","post","type-post","status-publish","format-standard","has-post-thumbnail","hentry","category-titular-2","tag-aysen","tag-caligus","tag-los-lagos","tag-salmonicultura","tag-srs","tag-universidad-santo-tomas"],"yoast_head":"<!-- This site is optimized with the Yoast SEO plugin v28.3 - https:\/\/yoast.com\/product\/yoast-seo-wordpress\/ -->\n<title>Acad\u00e9mico de U. Santo Tom\u00e1s participa en investigaciones sobre SRS y tenacibaculosis en salmonicultura - Mundoacuicola<\/title>\n<meta name=\"description\" content=\"\u00c1lvaro Gaete-Carrasco form\u00f3 parte de dos investigaciones que analizaron factores asociados a enfermedades de importancia sanitaria.\" \/>\n<meta name=\"robots\" content=\"index, follow, max-snippet:-1, max-image-preview:large, max-video-preview:-1\" \/>\n<link rel=\"canonical\" href=\"https:\/\/www.mundoacuicola.cl\/new\/academico-de-u-santo-tomas-participa-en-investigaciones-sobre-srs-y-tenacibaculosis-en-salmonicultura\/\" \/>\n<meta property=\"og:locale\" content=\"es_ES\" \/>\n<meta property=\"og:type\" content=\"article\" \/>\n<meta property=\"og:title\" content=\"Acad\u00e9mico de U. Santo Tom\u00e1s participa en investigaciones sobre SRS y tenacibaculosis en salmonicultura - Mundoacuicola\" \/>\n<meta property=\"og:description\" content=\"\u00c1lvaro Gaete-Carrasco form\u00f3 parte de dos investigaciones que analizaron factores asociados a enfermedades de importancia sanitaria.\" \/>\n<meta property=\"og:url\" content=\"https:\/\/www.mundoacuicola.cl\/new\/academico-de-u-santo-tomas-participa-en-investigaciones-sobre-srs-y-tenacibaculosis-en-salmonicultura\/\" \/>\n<meta property=\"og:site_name\" content=\"Mundoacuicola\" \/>\n<meta property=\"article:publisher\" content=\"https:\/\/www.facebook.com\/mundo.acuicola\/\" \/>\n<meta property=\"article:published_time\" content=\"2026-09-01T21:16:08+00:00\" \/>\n<meta property=\"article:modified_time\" content=\"2026-09-01T21:33:44+00:00\" \/>\n<meta property=\"og:image\" content=\"https:\/\/www.mundoacuicola.cl\/new\/wp-content\/uploads\/2026\/09\/AcademicoSantoTomasVinaDelMar3333-600x400.png\" \/>\n\t<meta property=\"og:image:width\" content=\"600\" \/>\n\t<meta property=\"og:image:height\" content=\"400\" \/>\n\t<meta property=\"og:image:type\" content=\"image\/png\" \/>\n<meta name=\"author\" content=\"Ricardo Alvarez\" \/>\n<meta name=\"twitter:card\" content=\"summary_large_image\" \/>\n<meta name=\"twitter:creator\" content=\"@mundoacuicola\" \/>\n<meta name=\"twitter:site\" content=\"@mundoacuicola\" \/>\n<meta name=\"twitter:label1\" content=\"Escrito por\" \/>\n\t<meta name=\"twitter:data1\" content=\"Ricardo Alvarez\" \/>\n\t<meta name=\"twitter:label2\" content=\"Tiempo de lectura\" \/>\n\t<meta name=\"twitter:data2\" content=\"2 minutos\" \/>\n<script type=\"application\/ld+json\" class=\"yoast-schema-graph\">{\"@context\":\"https:\\\/\\\/schema.org\",\"@graph\":[{\"@type\":\"Article\",\"@id\":\"https:\\\/\\\/www.mundoacuicola.cl\\\/new\\\/academico-de-u-santo-tomas-participa-en-investigaciones-sobre-srs-y-tenacibaculosis-en-salmonicultura\\\/#article\",\"isPartOf\":{\"@id\":\"https:\\\/\\\/www.mundoacuicola.cl\\\/new\\\/academico-de-u-santo-tomas-participa-en-investigaciones-sobre-srs-y-tenacibaculosis-en-salmonicultura\\\/\"},\"author\":{\"name\":\"Ricardo Alvarez\",\"@id\":\"https:\\\/\\\/www.mundoacuicola.cl\\\/new\\\/#\\\/schema\\\/person\\\/52cfe7e461eb2d30484965350ee34bdd\"},\"headline\":\"Acad\u00e9mico de U. Santo Tom\u00e1s participa en investigaciones sobre SRS y tenacibaculosis en salmonicultura\",\"datePublished\":\"2026-09-01T21:16:08+00:00\",\"dateModified\":\"2026-09-01T21:33:44+00:00\",\"mainEntityOfPage\":{\"@id\":\"https:\\\/\\\/www.mundoacuicola.cl\\\/new\\\/academico-de-u-santo-tomas-participa-en-investigaciones-sobre-srs-y-tenacibaculosis-en-salmonicultura\\\/\"},\"wordCount\":427,\"publisher\":{\"@id\":\"https:\\\/\\\/www.mundoacuicola.cl\\\/new\\\/#organization\"},\"image\":{\"@id\":\"https:\\\/\\\/www.mundoacuicola.cl\\\/new\\\/academico-de-u-santo-tomas-participa-en-investigaciones-sobre-srs-y-tenacibaculosis-en-salmonicultura\\\/#primaryimage\"},\"thumbnailUrl\":\"https:\\\/\\\/www.mundoacuicola.cl\\\/new\\\/wp-content\\\/uploads\\\/2026\\\/09\\\/AcademicoSantoTomasVinaDelMar3333.png\",\"keywords\":[\"Ays\u00e9n\",\"C\u00e1ligus\",\"Los Lagos\",\"salmonicultura\",\"SRS\",\"Universidad Santo Tom\u00e1s\"],\"articleSection\":[\"Titular 2\"],\"inLanguage\":\"es\"},{\"@type\":\"WebPage\",\"@id\":\"https:\\\/\\\/www.mundoacuicola.cl\\\/new\\\/academico-de-u-santo-tomas-participa-en-investigaciones-sobre-srs-y-tenacibaculosis-en-salmonicultura\\\/\",\"url\":\"https:\\\/\\\/www.mundoacuicola.cl\\\/new\\\/academico-de-u-santo-tomas-participa-en-investigaciones-sobre-srs-y-tenacibaculosis-en-salmonicultura\\\/\",\"name\":\"Acad\u00e9mico de U. Santo Tom\u00e1s participa en investigaciones sobre SRS y tenacibaculosis en salmonicultura - Mundoacuicola\",\"isPartOf\":{\"@id\":\"https:\\\/\\\/www.mundoacuicola.cl\\\/new\\\/#website\"},\"primaryImageOfPage\":{\"@id\":\"https:\\\/\\\/www.mundoacuicola.cl\\\/new\\\/academico-de-u-santo-tomas-participa-en-investigaciones-sobre-srs-y-tenacibaculosis-en-salmonicultura\\\/#primaryimage\"},\"image\":{\"@id\":\"https:\\\/\\\/www.mundoacuicola.cl\\\/new\\\/academico-de-u-santo-tomas-participa-en-investigaciones-sobre-srs-y-tenacibaculosis-en-salmonicultura\\\/#primaryimage\"},\"thumbnailUrl\":\"https:\\\/\\\/www.mundoacuicola.cl\\\/new\\\/wp-content\\\/uploads\\\/2026\\\/09\\\/AcademicoSantoTomasVinaDelMar3333.png\",\"datePublished\":\"2026-09-01T21:16:08+00:00\",\"dateModified\":\"2026-09-01T21:33:44+00:00\",\"description\":\"\u00c1lvaro Gaete-Carrasco form\u00f3 parte de dos investigaciones que analizaron factores asociados a enfermedades de importancia sanitaria.\",\"breadcrumb\":{\"@id\":\"https:\\\/\\\/www.mundoacuicola.cl\\\/new\\\/academico-de-u-santo-tomas-participa-en-investigaciones-sobre-srs-y-tenacibaculosis-en-salmonicultura\\\/#breadcrumb\"},\"inLanguage\":\"es\",\"potentialAction\":[{\"@type\":\"ReadAction\",\"target\":[\"https:\\\/\\\/www.mundoacuicola.cl\\\/new\\\/academico-de-u-santo-tomas-participa-en-investigaciones-sobre-srs-y-tenacibaculosis-en-salmonicultura\\\/\"]}]},{\"@type\":\"ImageObject\",\"inLanguage\":\"es\",\"@id\":\"https:\\\/\\\/www.mundoacuicola.cl\\\/new\\\/academico-de-u-santo-tomas-participa-en-investigaciones-sobre-srs-y-tenacibaculosis-en-salmonicultura\\\/#primaryimage\",\"url\":\"https:\\\/\\\/www.mundoacuicola.cl\\\/new\\\/wp-content\\\/uploads\\\/2026\\\/09\\\/AcademicoSantoTomasVinaDelMar3333.png\",\"contentUrl\":\"https:\\\/\\\/www.mundoacuicola.cl\\\/new\\\/wp-content\\\/uploads\\\/2026\\\/09\\\/AcademicoSantoTomasVinaDelMar3333.png\",\"width\":1536,\"height\":1024},{\"@type\":\"BreadcrumbList\",\"@id\":\"https:\\\/\\\/www.mundoacuicola.cl\\\/new\\\/academico-de-u-santo-tomas-participa-en-investigaciones-sobre-srs-y-tenacibaculosis-en-salmonicultura\\\/#breadcrumb\",\"itemListElement\":[{\"@type\":\"ListItem\",\"position\":1,\"name\":\"Portada\",\"item\":\"https:\\\/\\\/www.mundoacuicola.cl\\\/new\\\/\"},{\"@type\":\"ListItem\",\"position\":2,\"name\":\"Acad\u00e9mico de U. Santo Tom\u00e1s participa en investigaciones sobre SRS y tenacibaculosis en salmonicultura\"}]},{\"@type\":\"WebSite\",\"@id\":\"https:\\\/\\\/www.mundoacuicola.cl\\\/new\\\/#website\",\"url\":\"https:\\\/\\\/www.mundoacuicola.cl\\\/new\\\/\",\"name\":\"Mundoacuicola\",\"description\":\"Revista de Acuicultura.\",\"publisher\":{\"@id\":\"https:\\\/\\\/www.mundoacuicola.cl\\\/new\\\/#organization\"},\"potentialAction\":[{\"@type\":\"SearchAction\",\"target\":{\"@type\":\"EntryPoint\",\"urlTemplate\":\"https:\\\/\\\/www.mundoacuicola.cl\\\/new\\\/?s={search_term_string}\"},\"query-input\":{\"@type\":\"PropertyValueSpecification\",\"valueRequired\":true,\"valueName\":\"search_term_string\"}}],\"inLanguage\":\"es\"},{\"@type\":\"Organization\",\"@id\":\"https:\\\/\\\/www.mundoacuicola.cl\\\/new\\\/#organization\",\"name\":\"Mundoacuicola\",\"url\":\"https:\\\/\\\/www.mundoacuicola.cl\\\/new\\\/\",\"logo\":{\"@type\":\"ImageObject\",\"inLanguage\":\"es\",\"@id\":\"https:\\\/\\\/www.mundoacuicola.cl\\\/new\\\/#\\\/schema\\\/logo\\\/image\\\/\",\"url\":\"https:\\\/\\\/www.mundoacuicola.cl\\\/new\\\/wp-content\\\/uploads\\\/2026\\\/01\\\/cropped-LOGO-Mundo-Acuicola-2026.png\",\"contentUrl\":\"https:\\\/\\\/www.mundoacuicola.cl\\\/new\\\/wp-content\\\/uploads\\\/2026\\\/01\\\/cropped-LOGO-Mundo-Acuicola-2026.png\",\"width\":1252,\"height\":296,\"caption\":\"Mundoacuicola\"},\"image\":{\"@id\":\"https:\\\/\\\/www.mundoacuicola.cl\\\/new\\\/#\\\/schema\\\/logo\\\/image\\\/\"},\"sameAs\":[\"https:\\\/\\\/www.facebook.com\\\/mundo.acuicola\\\/\",\"https:\\\/\\\/x.com\\\/mundoacuicola\",\"https:\\\/\\\/www.linkedin.com\\\/in\\\/mundo-acuicola\"]},{\"@type\":\"Person\",\"@id\":\"https:\\\/\\\/www.mundoacuicola.cl\\\/new\\\/#\\\/schema\\\/person\\\/52cfe7e461eb2d30484965350ee34bdd\",\"name\":\"Ricardo Alvarez\",\"url\":\"https:\\\/\\\/www.mundoacuicola.cl\\\/new\\\/author\\\/ricardo\\\/\"}]}<\/script>\n<!-- \/ Yoast SEO plugin. -->","yoast_head_json":{"title":"Acad\u00e9mico de U. Santo Tom\u00e1s participa en investigaciones sobre SRS y tenacibaculosis en salmonicultura - Mundoacuicola","description":"\u00c1lvaro Gaete-Carrasco form\u00f3 parte de dos investigaciones que analizaron factores asociados a enfermedades de importancia sanitaria.","robots":{"index":"index","follow":"follow","max-snippet":"max-snippet:-1","max-image-preview":"max-image-preview:large","max-video-preview":"max-video-preview:-1"},"canonical":"https:\/\/www.mundoacuicola.cl\/new\/academico-de-u-santo-tomas-participa-en-investigaciones-sobre-srs-y-tenacibaculosis-en-salmonicultura\/","og_locale":"es_ES","og_type":"article","og_title":"Acad\u00e9mico de U. Santo Tom\u00e1s participa en investigaciones sobre SRS y tenacibaculosis en salmonicultura - Mundoacuicola","og_description":"\u00c1lvaro Gaete-Carrasco form\u00f3 parte de dos investigaciones que analizaron factores asociados a enfermedades de importancia sanitaria.","og_url":"https:\/\/www.mundoacuicola.cl\/new\/academico-de-u-santo-tomas-participa-en-investigaciones-sobre-srs-y-tenacibaculosis-en-salmonicultura\/","og_site_name":"Mundoacuicola","article_publisher":"https:\/\/www.facebook.com\/mundo.acuicola\/","article_published_time":"2026-09-01T21:16:08+00:00","article_modified_time":"2026-09-01T21:33:44+00:00","og_image":[{"width":600,"height":400,"url":"https:\/\/www.mundoacuicola.cl\/new\/wp-content\/uploads\/2026\/09\/AcademicoSantoTomasVinaDelMar3333-600x400.png","type":"image\/png"}],"author":"Ricardo Alvarez","twitter_card":"summary_large_image","twitter_creator":"@mundoacuicola","twitter_site":"@mundoacuicola","twitter_misc":{"Escrito por":"Ricardo Alvarez","Tiempo de lectura":"2 minutos"},"schema":{"@context":"https:\/\/schema.org","@graph":[{"@type":"Article","@id":"https:\/\/www.mundoacuicola.cl\/new\/academico-de-u-santo-tomas-participa-en-investigaciones-sobre-srs-y-tenacibaculosis-en-salmonicultura\/#article","isPartOf":{"@id":"https:\/\/www.mundoacuicola.cl\/new\/academico-de-u-santo-tomas-participa-en-investigaciones-sobre-srs-y-tenacibaculosis-en-salmonicultura\/"},"author":{"name":"Ricardo Alvarez","@id":"https:\/\/www.mundoacuicola.cl\/new\/#\/schema\/person\/52cfe7e461eb2d30484965350ee34bdd"},"headline":"Acad\u00e9mico de U. Santo Tom\u00e1s participa en investigaciones sobre SRS y tenacibaculosis en salmonicultura","datePublished":"2026-09-01T21:16:08+00:00","dateModified":"2026-09-01T21:33:44+00:00","mainEntityOfPage":{"@id":"https:\/\/www.mundoacuicola.cl\/new\/academico-de-u-santo-tomas-participa-en-investigaciones-sobre-srs-y-tenacibaculosis-en-salmonicultura\/"},"wordCount":427,"publisher":{"@id":"https:\/\/www.mundoacuicola.cl\/new\/#organization"},"image":{"@id":"https:\/\/www.mundoacuicola.cl\/new\/academico-de-u-santo-tomas-participa-en-investigaciones-sobre-srs-y-tenacibaculosis-en-salmonicultura\/#primaryimage"},"thumbnailUrl":"https:\/\/www.mundoacuicola.cl\/new\/wp-content\/uploads\/2026\/09\/AcademicoSantoTomasVinaDelMar3333.png","keywords":["Ays\u00e9n","C\u00e1ligus","Los Lagos","salmonicultura","SRS","Universidad Santo Tom\u00e1s"],"articleSection":["Titular 2"],"inLanguage":"es"},{"@type":"WebPage","@id":"https:\/\/www.mundoacuicola.cl\/new\/academico-de-u-santo-tomas-participa-en-investigaciones-sobre-srs-y-tenacibaculosis-en-salmonicultura\/","url":"https:\/\/www.mundoacuicola.cl\/new\/academico-de-u-santo-tomas-participa-en-investigaciones-sobre-srs-y-tenacibaculosis-en-salmonicultura\/","name":"Acad\u00e9mico de U. Santo Tom\u00e1s participa en investigaciones sobre SRS y tenacibaculosis en salmonicultura - Mundoacuicola","isPartOf":{"@id":"https:\/\/www.mundoacuicola.cl\/new\/#website"},"primaryImageOfPage":{"@id":"https:\/\/www.mundoacuicola.cl\/new\/academico-de-u-santo-tomas-participa-en-investigaciones-sobre-srs-y-tenacibaculosis-en-salmonicultura\/#primaryimage"},"image":{"@id":"https:\/\/www.mundoacuicola.cl\/new\/academico-de-u-santo-tomas-participa-en-investigaciones-sobre-srs-y-tenacibaculosis-en-salmonicultura\/#primaryimage"},"thumbnailUrl":"https:\/\/www.mundoacuicola.cl\/new\/wp-content\/uploads\/2026\/09\/AcademicoSantoTomasVinaDelMar3333.png","datePublished":"2026-09-01T21:16:08+00:00","dateModified":"2026-09-01T21:33:44+00:00","description":"\u00c1lvaro Gaete-Carrasco form\u00f3 parte de dos investigaciones que analizaron factores asociados a enfermedades de importancia sanitaria.","breadcrumb":{"@id":"https:\/\/www.mundoacuicola.cl\/new\/academico-de-u-santo-tomas-participa-en-investigaciones-sobre-srs-y-tenacibaculosis-en-salmonicultura\/#breadcrumb"},"inLanguage":"es","potentialAction":[{"@type":"ReadAction","target":["https:\/\/www.mundoacuicola.cl\/new\/academico-de-u-santo-tomas-participa-en-investigaciones-sobre-srs-y-tenacibaculosis-en-salmonicultura\/"]}]},{"@type":"ImageObject","inLanguage":"es","@id":"https:\/\/www.mundoacuicola.cl\/new\/academico-de-u-santo-tomas-participa-en-investigaciones-sobre-srs-y-tenacibaculosis-en-salmonicultura\/#primaryimage","url":"https:\/\/www.mundoacuicola.cl\/new\/wp-content\/uploads\/2026\/09\/AcademicoSantoTomasVinaDelMar3333.png","contentUrl":"https:\/\/www.mundoacuicola.cl\/new\/wp-content\/uploads\/2026\/09\/AcademicoSantoTomasVinaDelMar3333.png","width":1536,"height":1024},{"@type":"BreadcrumbList","@id":"https:\/\/www.mundoacuicola.cl\/new\/academico-de-u-santo-tomas-participa-en-investigaciones-sobre-srs-y-tenacibaculosis-en-salmonicultura\/#breadcrumb","itemListElement":[{"@type":"ListItem","position":1,"name":"Portada","item":"https:\/\/www.mundoacuicola.cl\/new\/"},{"@type":"ListItem","position":2,"name":"Acad\u00e9mico de U. Santo Tom\u00e1s participa en investigaciones sobre SRS y tenacibaculosis en salmonicultura"}]},{"@type":"WebSite","@id":"https:\/\/www.mundoacuicola.cl\/new\/#website","url":"https:\/\/www.mundoacuicola.cl\/new\/","name":"Mundoacuicola","description":"Revista de Acuicultura.","publisher":{"@id":"https:\/\/www.mundoacuicola.cl\/new\/#organization"},"potentialAction":[{"@type":"SearchAction","target":{"@type":"EntryPoint","urlTemplate":"https:\/\/www.mundoacuicola.cl\/new\/?s={search_term_string}"},"query-input":{"@type":"PropertyValueSpecification","valueRequired":true,"valueName":"search_term_string"}}],"inLanguage":"es"},{"@type":"Organization","@id":"https:\/\/www.mundoacuicola.cl\/new\/#organization","name":"Mundoacuicola","url":"https:\/\/www.mundoacuicola.cl\/new\/","logo":{"@type":"ImageObject","inLanguage":"es","@id":"https:\/\/www.mundoacuicola.cl\/new\/#\/schema\/logo\/image\/","url":"https:\/\/www.mundoacuicola.cl\/new\/wp-content\/uploads\/2026\/01\/cropped-LOGO-Mundo-Acuicola-2026.png","contentUrl":"https:\/\/www.mundoacuicola.cl\/new\/wp-content\/uploads\/2026\/01\/cropped-LOGO-Mundo-Acuicola-2026.png","width":1252,"height":296,"caption":"Mundoacuicola"},"image":{"@id":"https:\/\/www.mundoacuicola.cl\/new\/#\/schema\/logo\/image\/"},"sameAs":["https:\/\/www.facebook.com\/mundo.acuicola\/","https:\/\/x.com\/mundoacuicola","https:\/\/www.linkedin.com\/in\/mundo-acuicola"]},{"@type":"Person","@id":"https:\/\/www.mundoacuicola.cl\/new\/#\/schema\/person\/52cfe7e461eb2d30484965350ee34bdd","name":"Ricardo Alvarez","url":"https:\/\/www.mundoacuicola.cl\/new\/author\/ricardo\/"}]}},"_links":{"self":[{"href":"https:\/\/www.mundoacuicola.cl\/new\/wp-json\/wp\/v2\/posts\/92101","targetHints":{"allow":["GET"]}}],"collection":[{"href":"https:\/\/www.mundoacuicola.cl\/new\/wp-json\/wp\/v2\/posts"}],"about":[{"href":"https:\/\/www.mundoacuicola.cl\/new\/wp-json\/wp\/v2\/types\/post"}],"author":[{"embeddable":true,"href":"https:\/\/www.mundoacuicola.cl\/new\/wp-json\/wp\/v2\/users\/8"}],"replies":[{"embeddable":true,"href":"https:\/\/www.mundoacuicola.cl\/new\/wp-json\/wp\/v2\/comments?post=92101"}],"version-history":[{"count":1,"href":"https:\/\/www.mundoacuicola.cl\/new\/wp-json\/wp\/v2\/posts\/92101\/revisions"}],"predecessor-version":[{"id":92102,"href":"https:\/\/www.mundoacuicola.cl\/new\/wp-json\/wp\/v2\/posts\/92101\/revisions\/92102"}],"wp:featuredmedia":[{"embeddable":true,"href":"https:\/\/www.mundoacuicola.cl\/new\/wp-json\/wp\/v2\/media\/92110"}],"wp:attachment":[{"href":"https:\/\/www.mundoacuicola.cl\/new\/wp-json\/wp\/v2\/media?parent=92101"}],"wp:term":[{"taxonomy":"category","embeddable":true,"href":"https:\/\/www.mundoacuicola.cl\/new\/wp-json\/wp\/v2\/categories?post=92101"},{"taxonomy":"post_tag","embeddable":true,"href":"https:\/\/www.mundoacuicola.cl\/new\/wp-json\/wp\/v2\/tags?post=92101"}],"curies":[{"name":"wp","href":"https:\/\/api.w.org\/{rel}","templated":true}]}}