{"id":92103,"date":"2026-09-01T16:51:18","date_gmt":"2026-09-01T20:51:18","guid":{"rendered":"https:\/\/www.mundoacuicola.cl\/new\/?p=92103"},"modified":"2026-09-01T17:01:17","modified_gmt":"2026-09-01T21:01:17","slug":"consejo-del-salmon-y-sernapesca-analizan-los-planes-operativos-para-la-temporada-fan-2026-2027","status":"publish","type":"post","link":"https:\/\/www.mundoacuicola.cl\/new\/consejo-del-salmon-y-sernapesca-analizan-los-planes-operativos-para-la-temporada-fan-2026-2027\/","title":{"rendered":"Consejo del Salm\u00f3n y Sernapesca analizan los planes operativos para la temporada FAN 2026\u20132027"},"content":{"rendered":"<p><span style=\"font-weight: 400;\">En el marco del Comit\u00e9 Operativo de Contingencias Ambientales implementado por el Consejo del Salm\u00f3n y sus empresas socias, se realiz\u00f3 este martes un taller t\u00e9cnico junto a Servicio Nacional de Pesca y Acuicultura (Sernapesca), enfocado en la temporada de Floraciones Algales Nocivas (FAN) 2026\u20132027.<\/span><\/p>\n<p><span style=\"font-weight: 400;\">La jornada comenz\u00f3 con una revisi\u00f3n del contexto actual y de la importancia de anticiparse a eventos de contingencias clim\u00e1ticas mediante el monitoreo constante de las condiciones ambientales, la detecci\u00f3n temprana y la activaci\u00f3n oportuna de los procedimientos de respuesta.<\/span><\/p>\n<p><span style=\"font-weight: 400;\">El escenario asociado al fen\u00f3meno de \u201cEl Ni\u00f1o\u201d fue parte del contexto analizado y reforz\u00f3 la importancia de mantener una preparaci\u00f3n permanente. Ante estas condiciones, las empresas productoras, Sernapesca y Subpesca mantienen activos sus mecanismos de monitoreo y sostienen una coordinaci\u00f3n directa para responder oportunamente ante eventuales contingencias ambientales.<\/span><\/p>\n<p><img fetchpriority=\"high\" decoding=\"async\" class=\"size-large wp-image-92107 aligncenter\" src=\"https:\/\/www.mundoacuicola.cl\/new\/wp-content\/uploads\/2026\/09\/ConsejoSalmonPrevenconFAN3-599x400.jpeg\" alt=\"\" width=\"599\" height=\"400\" srcset=\"https:\/\/www.mundoacuicola.cl\/new\/wp-content\/uploads\/2026\/09\/ConsejoSalmonPrevenconFAN3-599x400.jpeg 599w, https:\/\/www.mundoacuicola.cl\/new\/wp-content\/uploads\/2026\/09\/ConsejoSalmonPrevenconFAN3-337x225.jpeg 337w, https:\/\/www.mundoacuicola.cl\/new\/wp-content\/uploads\/2026\/09\/ConsejoSalmonPrevenconFAN3-768x513.jpeg 768w, https:\/\/www.mundoacuicola.cl\/new\/wp-content\/uploads\/2026\/09\/ConsejoSalmonPrevenconFAN3-1536x1027.jpeg 1536w, https:\/\/www.mundoacuicola.cl\/new\/wp-content\/uploads\/2026\/09\/ConsejoSalmonPrevenconFAN3-1024x684.jpeg 1024w, https:\/\/www.mundoacuicola.cl\/new\/wp-content\/uploads\/2026\/09\/ConsejoSalmonPrevenconFAN3.jpeg 1616w\" sizes=\"(max-width: 599px) 100vw, 599px\" \/><\/p>\n<p><span style=\"font-weight: 400;\">El taller fue encabezado en conjunto entre el Consejo del Salm\u00f3n, representando por \u00c1ngela Saavedra, directora regional del Consejo del Salm\u00f3n en Los Lagos y Marcela Lara, asesora t\u00e9cnica del Consejo del Salm\u00f3n y Servicio Nacional de Pesca y Acuicultura, liderado por Soledad Tapia, directora nacional de Sernapesca; Cristi\u00e1n Palma Vald\u00e9s, Delegado Presidencial Regional de Los Lagos; M\u00f3nica Rojas, subdirectora nacional de Acuicultura de Sernapesca, y Alejandro Barrientos, jefe de la Divisi\u00f3n de Acuicultura de la Subsecretar\u00eda de Pesca y Acuicultura (Subpesca), entre otras autoridades.<\/span><\/p>\n<p><span style=\"font-weight: 400;\">Asimismo, participaron los equipos regionales de Sernapesca de Biob\u00edo, Los Lagos, Ays\u00e9n y Magallanes que forman parte de la gesti\u00f3n de contingencias.<\/span><\/p>\n<p><span style=\"font-weight: 400;\">Tambi\u00e9n participaron los equipos multidisciplinarios de las empresas socias del gremio de productores: AquaChile, Australis, Cermaq, Mowi, Salmones Ays\u00e9n y Ventisqueros, que reuni\u00f3 a las \u00e1reas que trabajan directamente en la preparaci\u00f3n y ejecuci\u00f3n de los planes de contingencia. Este formato de trabajo especializado permiti\u00f3 profundizar en los procedimientos, actualizar informaci\u00f3n y mantener activos los canales de comunicaci\u00f3n entre las empresas y Sernapesca.<\/span><\/p>\n<p><span style=\"font-weight: 400;\">Durante el primer bloque, Sernapesca abord\u00f3 los objetivos de la prealerta acu\u00edcola: anticipar condiciones de riesgo mediante el monitoreo constante, reducir los potenciales impactos de un evento FAN, responder a trav\u00e9s de la activaci\u00f3n de la cadena log\u00edstica para la disposici\u00f3n de mortalidades y contener sus posibles consecuencias ambientales, econ\u00f3micas y sociales.<\/span><\/p>\n<p><span style=\"font-weight: 400;\">La autoridad tambi\u00e9n present\u00f3 una actualizaci\u00f3n de los recursos log\u00edsticos disponibles ante contingencias de gran magnitud y revis\u00f3 los tiempos de respuesta y los mecanismos de coordinaci\u00f3n con las empresas productoras.<\/span><\/p>\n<p><span style=\"font-weight: 400;\">Posteriormente, las empresas socias del Consejo del Salm\u00f3n expusieron sus estrategias de prevenci\u00f3n y gesti\u00f3n ante contingencias ambientales, como lo es la FAN. Los equipos explicaron c\u00f3mo monitorean las condiciones ambientales, preparan sus operaciones y mantienen una comunicaci\u00f3n directa con Sernapesca y las autoridades pertinentes para activar oportunamente los procedimientos correspondientes.<\/span><\/p>\n<p><span style=\"font-weight: 400;\">Tras las presentaciones, se desarroll\u00f3 una reflexi\u00f3n t\u00e9cnica en la que Sernapesca, las empresas socias y las autoridades plantearon sus perspectivas y prioridades sobre c\u00f3mo abordar las FAN. El intercambio permiti\u00f3 identificar las capacidades disponibles, las brechas y los ajustes necesarios para la temporada 2026\u20132027.<\/span><\/p>\n<p><span style=\"font-weight: 400;\">La comunicaci\u00f3n tambi\u00e9n form\u00f3 parte de este an\u00e1lisis, con \u00e9nfasis en la validaci\u00f3n y entrega oportuna de informaci\u00f3n para apoyar la toma de decisiones y mantener informadas a las autoridades y la ciudadan\u00eda.<\/span><\/p>\n<p><span style=\"font-weight: 400;\">\u201cHoy la salmonicultura est\u00e1 mejor preparada que hace diez a\u00f1os. Las empresas cuentan con m\u00e1s herramientas de monitoreo, procedimientos y capacidades de respuesta, y mantienen una comunicaci\u00f3n directa con Sernapesca. Este avance es resultado de un trabajo permanente que revisamos y actualizamos cada temporada. Prevenir, coordinar y comunicar oportunamente tambi\u00e9n es parte de producir mejor\u201d, se\u00f1al\u00f3 la directora regional del Consejo del Salm\u00f3n en Los Lagos, \u00c1ngela Saavedra.<\/span><\/p>\n<p><span style=\"font-weight: 400;\">En tanto, la directora nacional de Sernapesca, Soledad Tapia, se\u00f1al\u00f3 que \u00abla informaci\u00f3n t\u00e9cnica y cient\u00edfica disponible,\u00a0 nos permite generar diversos escenarios para estar preparados, para fortalecer la coordinaci\u00f3n necesaria con las distintas instituciones y agentes involucrados frente a la ocurrencia de contingencias en el sector de la salmonicultura derivadas del evento de El Ni\u00f1o que est\u00e1 afectando a nuestro pa\u00eds y que se proyecta hasta el primer trimestre del 2027. Este taller realizado junto al Consejo del Salm\u00f3n, busca fortalecer las alianzas p\u00fablico privadas,\u00a0 las que son fundamentales para actuar de forma coordinada, r\u00e1pida y efectiva, permitiendo disminuir riesgos y mitigar efectos derivados de posibles floraciones algales nocivas.\u00bb<\/span><\/p>\n<p><img decoding=\"async\" class=\"size-large wp-image-92106 aligncenter\" src=\"https:\/\/www.mundoacuicola.cl\/new\/wp-content\/uploads\/2026\/09\/ConsejoSalmonPrevenconFAN2-533x400.jpeg\" alt=\"\" width=\"533\" height=\"400\" srcset=\"https:\/\/www.mundoacuicola.cl\/new\/wp-content\/uploads\/2026\/09\/ConsejoSalmonPrevenconFAN2-533x400.jpeg 533w, https:\/\/www.mundoacuicola.cl\/new\/wp-content\/uploads\/2026\/09\/ConsejoSalmonPrevenconFAN2-300x225.jpeg 300w, https:\/\/www.mundoacuicola.cl\/new\/wp-content\/uploads\/2026\/09\/ConsejoSalmonPrevenconFAN2-768x576.jpeg 768w, https:\/\/www.mundoacuicola.cl\/new\/wp-content\/uploads\/2026\/09\/ConsejoSalmonPrevenconFAN2-1024x768.jpeg 1024w, https:\/\/www.mundoacuicola.cl\/new\/wp-content\/uploads\/2026\/09\/ConsejoSalmonPrevenconFAN2.jpeg 1440w\" sizes=\"(max-width: 533px) 100vw, 533px\" \/><\/p>\n<p><span style=\"font-weight: 400;\">Por su parte, el Delegado Presidencial Regional de Los Lagos, Cristi\u00e1n Palma Vald\u00e9s, destac\u00f3 la realizaci\u00f3n del Taller T\u00e9cnico convocado por el Consejo del Salm\u00f3n, como parte del trabajo coordinado que se lleva realizando en los \u00faltimos meses, a trav\u00e9s de los distintos servicios p\u00fablicos vinculados a la pesca y la acuicultura, y liderados por SENAPRED y SERNAPESCA, con las empresas y gremios del sector, para poder anticiparse a\u00a0 contingencias ambientales que pudieran producirse, como un evento FAN. \u00abLas floraciones algales nocivas son una realidad que debemos enfrentar con responsabilidad y preparaci\u00f3n. Por eso, desde el Gobierno del Presidente Jos\u00e9 Antonio Kast estamos fortaleciendo en nuestra regi\u00f3n la coordinaci\u00f3n entre los servicios p\u00fablicos y el sector acu\u00edcola, porque frente a una situaci\u00f3n compleja necesitamos que todos sepamos qu\u00e9 hacer, para as\u00ed actuar bien y oportunamente. Aqu\u00ed no se trata de reaccionar cuando la emergencia ya est\u00e1 instalada, sino de poder anticiparnos, monitorear, compartir informaci\u00f3n y fortalecer los planes de contingencia\u00bb, sostuvo.<\/span><\/p>\n<p><span style=\"font-weight: 400;\">\u00abEn una regi\u00f3n donde la actividad salmonera y acu\u00edcola es fundamental para el empleo y nuestro desarrollo productivo, tenemos que estar preparados, contar con informaci\u00f3n oportuna y tener una respuesta coordinada. Y eso requiere tambi\u00e9n trabajar de manera conjunta con las empresas del sector, para as\u00ed poder proteger nuestra actividad productiva, nuestro medio ambiente y, por supuesto, el trabajo de miles de familias que dependen de la industria salmonera. En ello seguiremos enfocados\u201d, enfatiz\u00f3 el representante del Presidente Kast en la regi\u00f3n de Los Lagos.<\/span><\/p>\n<p><span style=\"font-weight: 400;\">La experiencia del evento de FAN registrado en 2016 fue uno de los antecedentes considerados durante la jornada. Desde esa situaci\u00f3n, las empresas productoras han incorporado nuevas herramientas de monitoreo, procedimientos internos y mayores capacidades de respuesta. La revisi\u00f3n permiti\u00f3 analizar estos avances y mantener actualizada la preparaci\u00f3n para la pr\u00f3xima temporada.<\/span><\/p>\n<p><span style=\"font-weight: 400;\">Finalmente, la asesora t\u00e9cnica del Consejo del Salm\u00f3n, Marcela Lara, expuso las brechas detectadas y las acciones necesarias para dar continuidad a la preparaci\u00f3n. Su presentaci\u00f3n dio paso a un intercambio t\u00e9cnico en el que los participantes profundizaron en las dimensiones normativas y operativas, junto con las necesidades de coordinaci\u00f3n conjunta.<\/span><\/p>\n<p><span style=\"font-weight: 400;\">Este trabajo servir\u00e1 como base para mantener el monitoreo, actualizar los planes operativos y sostener una comunicaci\u00f3n directa durante la temporada FAN 2026\u20132027.<\/span><\/p>\n","protected":false},"excerpt":{"rendered":"<p>Los equipos multidisciplinarios de las seis empresas socias del gremio de productores expusieron sus estrategias de prevenci\u00f3n y respuesta ante contingencias ambientales. La instancia permiti\u00f3 revisar los avances alcanzados desde 2016, actualizar los procedimientos y mantener una coordinaci\u00f3n directa con Sernapesca y Subpesca para esta temporada.<\/p>\n","protected":false},"author":8,"featured_media":92105,"comment_status":"closed","ping_status":"closed","sticky":false,"template":"","format":"standard","meta":{"footnotes":""},"categories":[398],"tags":[2958,3130,202,2986,125,307],"class_list":["post-92103","post","type-post","status-publish","format-standard","has-post-thumbnail","hentry","category-titular","tag-aysen","tag-biobio","tag-los-lagos","tag-magallanes","tag-sernapesca","tag-subpesca"],"yoast_head":"<!-- This site is optimized with the Yoast SEO plugin v28.3 - https:\/\/yoast.com\/product\/yoast-seo-wordpress\/ -->\n<title>Consejo del Salm\u00f3n y Sernapesca analizan los planes operativos para la temporada FAN 2026\u20132027 - Mundoacuicola<\/title>\n<meta name=\"description\" content=\"Los equipos multidisciplinarios de las seis empresas socias del gremio de productores expusieron sus estrategias de prevenci\u00f3n y respuesta.\" \/>\n<meta name=\"robots\" content=\"index, follow, max-snippet:-1, max-image-preview:large, max-video-preview:-1\" \/>\n<link rel=\"canonical\" href=\"https:\/\/www.mundoacuicola.cl\/new\/consejo-del-salmon-y-sernapesca-analizan-los-planes-operativos-para-la-temporada-fan-2026-2027\/\" \/>\n<meta property=\"og:locale\" content=\"es_ES\" \/>\n<meta property=\"og:type\" content=\"article\" \/>\n<meta property=\"og:title\" content=\"Consejo del Salm\u00f3n y Sernapesca analizan los planes operativos para la temporada FAN 2026\u20132027 - Mundoacuicola\" \/>\n<meta property=\"og:description\" content=\"Los equipos multidisciplinarios de las seis empresas socias del gremio de productores expusieron sus estrategias de prevenci\u00f3n y respuesta.\" \/>\n<meta property=\"og:url\" content=\"https:\/\/www.mundoacuicola.cl\/new\/consejo-del-salmon-y-sernapesca-analizan-los-planes-operativos-para-la-temporada-fan-2026-2027\/\" \/>\n<meta property=\"og:site_name\" content=\"Mundoacuicola\" \/>\n<meta property=\"article:publisher\" content=\"https:\/\/www.facebook.com\/mundo.acuicola\/\" \/>\n<meta property=\"article:published_time\" content=\"2026-09-01T20:51:18+00:00\" \/>\n<meta property=\"article:modified_time\" content=\"2026-09-01T21:01:17+00:00\" \/>\n<meta property=\"og:image\" content=\"https:\/\/www.mundoacuicola.cl\/new\/wp-content\/uploads\/2026\/09\/ConsejoSalmonPrevenconFAN1.jpeg\" \/>\n\t<meta property=\"og:image:width\" content=\"1200\" \/>\n\t<meta property=\"og:image:height\" content=\"727\" \/>\n\t<meta property=\"og:image:type\" content=\"image\/jpeg\" \/>\n<meta name=\"author\" content=\"Ricardo Alvarez\" \/>\n<meta name=\"twitter:card\" content=\"summary_large_image\" \/>\n<meta name=\"twitter:creator\" content=\"@mundoacuicola\" \/>\n<meta name=\"twitter:site\" content=\"@mundoacuicola\" \/>\n<meta name=\"twitter:label1\" content=\"Escrito por\" \/>\n\t<meta name=\"twitter:data1\" content=\"Ricardo Alvarez\" \/>\n\t<meta name=\"twitter:label2\" content=\"Tiempo de lectura\" \/>\n\t<meta name=\"twitter:data2\" content=\"6 minutos\" \/>\n<script type=\"application\/ld+json\" class=\"yoast-schema-graph\">{\"@context\":\"https:\\\/\\\/schema.org\",\"@graph\":[{\"@type\":\"Article\",\"@id\":\"https:\\\/\\\/www.mundoacuicola.cl\\\/new\\\/consejo-del-salmon-y-sernapesca-analizan-los-planes-operativos-para-la-temporada-fan-2026-2027\\\/#article\",\"isPartOf\":{\"@id\":\"https:\\\/\\\/www.mundoacuicola.cl\\\/new\\\/consejo-del-salmon-y-sernapesca-analizan-los-planes-operativos-para-la-temporada-fan-2026-2027\\\/\"},\"author\":{\"name\":\"Ricardo Alvarez\",\"@id\":\"https:\\\/\\\/www.mundoacuicola.cl\\\/new\\\/#\\\/schema\\\/person\\\/52cfe7e461eb2d30484965350ee34bdd\"},\"headline\":\"Consejo del Salm\u00f3n y Sernapesca analizan los planes operativos para la temporada FAN 2026\u20132027\",\"datePublished\":\"2026-09-01T20:51:18+00:00\",\"dateModified\":\"2026-09-01T21:01:17+00:00\",\"mainEntityOfPage\":{\"@id\":\"https:\\\/\\\/www.mundoacuicola.cl\\\/new\\\/consejo-del-salmon-y-sernapesca-analizan-los-planes-operativos-para-la-temporada-fan-2026-2027\\\/\"},\"wordCount\":1172,\"publisher\":{\"@id\":\"https:\\\/\\\/www.mundoacuicola.cl\\\/new\\\/#organization\"},\"image\":{\"@id\":\"https:\\\/\\\/www.mundoacuicola.cl\\\/new\\\/consejo-del-salmon-y-sernapesca-analizan-los-planes-operativos-para-la-temporada-fan-2026-2027\\\/#primaryimage\"},\"thumbnailUrl\":\"https:\\\/\\\/www.mundoacuicola.cl\\\/new\\\/wp-content\\\/uploads\\\/2026\\\/09\\\/ConsejoSalmonPrevenconFAN1.jpeg\",\"keywords\":[\"Ays\u00e9n\",\"Biob\u00edo\",\"Los Lagos\",\"Magallanes\",\"Sernapesca\",\"subpesca\"],\"articleSection\":[\"Titular 1\"],\"inLanguage\":\"es\"},{\"@type\":\"WebPage\",\"@id\":\"https:\\\/\\\/www.mundoacuicola.cl\\\/new\\\/consejo-del-salmon-y-sernapesca-analizan-los-planes-operativos-para-la-temporada-fan-2026-2027\\\/\",\"url\":\"https:\\\/\\\/www.mundoacuicola.cl\\\/new\\\/consejo-del-salmon-y-sernapesca-analizan-los-planes-operativos-para-la-temporada-fan-2026-2027\\\/\",\"name\":\"Consejo del Salm\u00f3n y Sernapesca analizan los planes operativos para la temporada FAN 2026\u20132027 - Mundoacuicola\",\"isPartOf\":{\"@id\":\"https:\\\/\\\/www.mundoacuicola.cl\\\/new\\\/#website\"},\"primaryImageOfPage\":{\"@id\":\"https:\\\/\\\/www.mundoacuicola.cl\\\/new\\\/consejo-del-salmon-y-sernapesca-analizan-los-planes-operativos-para-la-temporada-fan-2026-2027\\\/#primaryimage\"},\"image\":{\"@id\":\"https:\\\/\\\/www.mundoacuicola.cl\\\/new\\\/consejo-del-salmon-y-sernapesca-analizan-los-planes-operativos-para-la-temporada-fan-2026-2027\\\/#primaryimage\"},\"thumbnailUrl\":\"https:\\\/\\\/www.mundoacuicola.cl\\\/new\\\/wp-content\\\/uploads\\\/2026\\\/09\\\/ConsejoSalmonPrevenconFAN1.jpeg\",\"datePublished\":\"2026-09-01T20:51:18+00:00\",\"dateModified\":\"2026-09-01T21:01:17+00:00\",\"description\":\"Los equipos multidisciplinarios de las seis empresas socias del gremio de productores expusieron sus estrategias de prevenci\u00f3n y respuesta.\",\"breadcrumb\":{\"@id\":\"https:\\\/\\\/www.mundoacuicola.cl\\\/new\\\/consejo-del-salmon-y-sernapesca-analizan-los-planes-operativos-para-la-temporada-fan-2026-2027\\\/#breadcrumb\"},\"inLanguage\":\"es\",\"potentialAction\":[{\"@type\":\"ReadAction\",\"target\":[\"https:\\\/\\\/www.mundoacuicola.cl\\\/new\\\/consejo-del-salmon-y-sernapesca-analizan-los-planes-operativos-para-la-temporada-fan-2026-2027\\\/\"]}]},{\"@type\":\"ImageObject\",\"inLanguage\":\"es\",\"@id\":\"https:\\\/\\\/www.mundoacuicola.cl\\\/new\\\/consejo-del-salmon-y-sernapesca-analizan-los-planes-operativos-para-la-temporada-fan-2026-2027\\\/#primaryimage\",\"url\":\"https:\\\/\\\/www.mundoacuicola.cl\\\/new\\\/wp-content\\\/uploads\\\/2026\\\/09\\\/ConsejoSalmonPrevenconFAN1.jpeg\",\"contentUrl\":\"https:\\\/\\\/www.mundoacuicola.cl\\\/new\\\/wp-content\\\/uploads\\\/2026\\\/09\\\/ConsejoSalmonPrevenconFAN1.jpeg\",\"width\":1200,\"height\":727},{\"@type\":\"BreadcrumbList\",\"@id\":\"https:\\\/\\\/www.mundoacuicola.cl\\\/new\\\/consejo-del-salmon-y-sernapesca-analizan-los-planes-operativos-para-la-temporada-fan-2026-2027\\\/#breadcrumb\",\"itemListElement\":[{\"@type\":\"ListItem\",\"position\":1,\"name\":\"Portada\",\"item\":\"https:\\\/\\\/www.mundoacuicola.cl\\\/new\\\/\"},{\"@type\":\"ListItem\",\"position\":2,\"name\":\"Consejo del Salm\u00f3n y Sernapesca analizan los planes operativos para la temporada FAN 2026\u20132027\"}]},{\"@type\":\"WebSite\",\"@id\":\"https:\\\/\\\/www.mundoacuicola.cl\\\/new\\\/#website\",\"url\":\"https:\\\/\\\/www.mundoacuicola.cl\\\/new\\\/\",\"name\":\"Mundoacuicola\",\"description\":\"Revista de Acuicultura.\",\"publisher\":{\"@id\":\"https:\\\/\\\/www.mundoacuicola.cl\\\/new\\\/#organization\"},\"potentialAction\":[{\"@type\":\"SearchAction\",\"target\":{\"@type\":\"EntryPoint\",\"urlTemplate\":\"https:\\\/\\\/www.mundoacuicola.cl\\\/new\\\/?s={search_term_string}\"},\"query-input\":{\"@type\":\"PropertyValueSpecification\",\"valueRequired\":true,\"valueName\":\"search_term_string\"}}],\"inLanguage\":\"es\"},{\"@type\":\"Organization\",\"@id\":\"https:\\\/\\\/www.mundoacuicola.cl\\\/new\\\/#organization\",\"name\":\"Mundoacuicola\",\"url\":\"https:\\\/\\\/www.mundoacuicola.cl\\\/new\\\/\",\"logo\":{\"@type\":\"ImageObject\",\"inLanguage\":\"es\",\"@id\":\"https:\\\/\\\/www.mundoacuicola.cl\\\/new\\\/#\\\/schema\\\/logo\\\/image\\\/\",\"url\":\"https:\\\/\\\/www.mundoacuicola.cl\\\/new\\\/wp-content\\\/uploads\\\/2026\\\/01\\\/cropped-LOGO-Mundo-Acuicola-2026.png\",\"contentUrl\":\"https:\\\/\\\/www.mundoacuicola.cl\\\/new\\\/wp-content\\\/uploads\\\/2026\\\/01\\\/cropped-LOGO-Mundo-Acuicola-2026.png\",\"width\":1252,\"height\":296,\"caption\":\"Mundoacuicola\"},\"image\":{\"@id\":\"https:\\\/\\\/www.mundoacuicola.cl\\\/new\\\/#\\\/schema\\\/logo\\\/image\\\/\"},\"sameAs\":[\"https:\\\/\\\/www.facebook.com\\\/mundo.acuicola\\\/\",\"https:\\\/\\\/x.com\\\/mundoacuicola\",\"https:\\\/\\\/www.linkedin.com\\\/in\\\/mundo-acuicola\"]},{\"@type\":\"Person\",\"@id\":\"https:\\\/\\\/www.mundoacuicola.cl\\\/new\\\/#\\\/schema\\\/person\\\/52cfe7e461eb2d30484965350ee34bdd\",\"name\":\"Ricardo Alvarez\",\"url\":\"https:\\\/\\\/www.mundoacuicola.cl\\\/new\\\/author\\\/ricardo\\\/\"}]}<\/script>\n<!-- \/ Yoast SEO plugin. -->","yoast_head_json":{"title":"Consejo del Salm\u00f3n y Sernapesca analizan los planes operativos para la temporada FAN 2026\u20132027 - Mundoacuicola","description":"Los equipos multidisciplinarios de las seis empresas socias del gremio de productores expusieron sus estrategias de prevenci\u00f3n y respuesta.","robots":{"index":"index","follow":"follow","max-snippet":"max-snippet:-1","max-image-preview":"max-image-preview:large","max-video-preview":"max-video-preview:-1"},"canonical":"https:\/\/www.mundoacuicola.cl\/new\/consejo-del-salmon-y-sernapesca-analizan-los-planes-operativos-para-la-temporada-fan-2026-2027\/","og_locale":"es_ES","og_type":"article","og_title":"Consejo del Salm\u00f3n y Sernapesca analizan los planes operativos para la temporada FAN 2026\u20132027 - Mundoacuicola","og_description":"Los equipos multidisciplinarios de las seis empresas socias del gremio de productores expusieron sus estrategias de prevenci\u00f3n y respuesta.","og_url":"https:\/\/www.mundoacuicola.cl\/new\/consejo-del-salmon-y-sernapesca-analizan-los-planes-operativos-para-la-temporada-fan-2026-2027\/","og_site_name":"Mundoacuicola","article_publisher":"https:\/\/www.facebook.com\/mundo.acuicola\/","article_published_time":"2026-09-01T20:51:18+00:00","article_modified_time":"2026-09-01T21:01:17+00:00","og_image":[{"width":1200,"height":727,"url":"https:\/\/www.mundoacuicola.cl\/new\/wp-content\/uploads\/2026\/09\/ConsejoSalmonPrevenconFAN1.jpeg","type":"image\/jpeg"}],"author":"Ricardo Alvarez","twitter_card":"summary_large_image","twitter_creator":"@mundoacuicola","twitter_site":"@mundoacuicola","twitter_misc":{"Escrito por":"Ricardo Alvarez","Tiempo de lectura":"6 minutos"},"schema":{"@context":"https:\/\/schema.org","@graph":[{"@type":"Article","@id":"https:\/\/www.mundoacuicola.cl\/new\/consejo-del-salmon-y-sernapesca-analizan-los-planes-operativos-para-la-temporada-fan-2026-2027\/#article","isPartOf":{"@id":"https:\/\/www.mundoacuicola.cl\/new\/consejo-del-salmon-y-sernapesca-analizan-los-planes-operativos-para-la-temporada-fan-2026-2027\/"},"author":{"name":"Ricardo Alvarez","@id":"https:\/\/www.mundoacuicola.cl\/new\/#\/schema\/person\/52cfe7e461eb2d30484965350ee34bdd"},"headline":"Consejo del Salm\u00f3n y Sernapesca analizan los planes operativos para la temporada FAN 2026\u20132027","datePublished":"2026-09-01T20:51:18+00:00","dateModified":"2026-09-01T21:01:17+00:00","mainEntityOfPage":{"@id":"https:\/\/www.mundoacuicola.cl\/new\/consejo-del-salmon-y-sernapesca-analizan-los-planes-operativos-para-la-temporada-fan-2026-2027\/"},"wordCount":1172,"publisher":{"@id":"https:\/\/www.mundoacuicola.cl\/new\/#organization"},"image":{"@id":"https:\/\/www.mundoacuicola.cl\/new\/consejo-del-salmon-y-sernapesca-analizan-los-planes-operativos-para-la-temporada-fan-2026-2027\/#primaryimage"},"thumbnailUrl":"https:\/\/www.mundoacuicola.cl\/new\/wp-content\/uploads\/2026\/09\/ConsejoSalmonPrevenconFAN1.jpeg","keywords":["Ays\u00e9n","Biob\u00edo","Los Lagos","Magallanes","Sernapesca","subpesca"],"articleSection":["Titular 1"],"inLanguage":"es"},{"@type":"WebPage","@id":"https:\/\/www.mundoacuicola.cl\/new\/consejo-del-salmon-y-sernapesca-analizan-los-planes-operativos-para-la-temporada-fan-2026-2027\/","url":"https:\/\/www.mundoacuicola.cl\/new\/consejo-del-salmon-y-sernapesca-analizan-los-planes-operativos-para-la-temporada-fan-2026-2027\/","name":"Consejo del Salm\u00f3n y Sernapesca analizan los planes operativos para la temporada FAN 2026\u20132027 - Mundoacuicola","isPartOf":{"@id":"https:\/\/www.mundoacuicola.cl\/new\/#website"},"primaryImageOfPage":{"@id":"https:\/\/www.mundoacuicola.cl\/new\/consejo-del-salmon-y-sernapesca-analizan-los-planes-operativos-para-la-temporada-fan-2026-2027\/#primaryimage"},"image":{"@id":"https:\/\/www.mundoacuicola.cl\/new\/consejo-del-salmon-y-sernapesca-analizan-los-planes-operativos-para-la-temporada-fan-2026-2027\/#primaryimage"},"thumbnailUrl":"https:\/\/www.mundoacuicola.cl\/new\/wp-content\/uploads\/2026\/09\/ConsejoSalmonPrevenconFAN1.jpeg","datePublished":"2026-09-01T20:51:18+00:00","dateModified":"2026-09-01T21:01:17+00:00","description":"Los equipos multidisciplinarios de las seis empresas socias del gremio de productores expusieron sus estrategias de prevenci\u00f3n y respuesta.","breadcrumb":{"@id":"https:\/\/www.mundoacuicola.cl\/new\/consejo-del-salmon-y-sernapesca-analizan-los-planes-operativos-para-la-temporada-fan-2026-2027\/#breadcrumb"},"inLanguage":"es","potentialAction":[{"@type":"ReadAction","target":["https:\/\/www.mundoacuicola.cl\/new\/consejo-del-salmon-y-sernapesca-analizan-los-planes-operativos-para-la-temporada-fan-2026-2027\/"]}]},{"@type":"ImageObject","inLanguage":"es","@id":"https:\/\/www.mundoacuicola.cl\/new\/consejo-del-salmon-y-sernapesca-analizan-los-planes-operativos-para-la-temporada-fan-2026-2027\/#primaryimage","url":"https:\/\/www.mundoacuicola.cl\/new\/wp-content\/uploads\/2026\/09\/ConsejoSalmonPrevenconFAN1.jpeg","contentUrl":"https:\/\/www.mundoacuicola.cl\/new\/wp-content\/uploads\/2026\/09\/ConsejoSalmonPrevenconFAN1.jpeg","width":1200,"height":727},{"@type":"BreadcrumbList","@id":"https:\/\/www.mundoacuicola.cl\/new\/consejo-del-salmon-y-sernapesca-analizan-los-planes-operativos-para-la-temporada-fan-2026-2027\/#breadcrumb","itemListElement":[{"@type":"ListItem","position":1,"name":"Portada","item":"https:\/\/www.mundoacuicola.cl\/new\/"},{"@type":"ListItem","position":2,"name":"Consejo del Salm\u00f3n y Sernapesca analizan los planes operativos para la temporada FAN 2026\u20132027"}]},{"@type":"WebSite","@id":"https:\/\/www.mundoacuicola.cl\/new\/#website","url":"https:\/\/www.mundoacuicola.cl\/new\/","name":"Mundoacuicola","description":"Revista de Acuicultura.","publisher":{"@id":"https:\/\/www.mundoacuicola.cl\/new\/#organization"},"potentialAction":[{"@type":"SearchAction","target":{"@type":"EntryPoint","urlTemplate":"https:\/\/www.mundoacuicola.cl\/new\/?s={search_term_string}"},"query-input":{"@type":"PropertyValueSpecification","valueRequired":true,"valueName":"search_term_string"}}],"inLanguage":"es"},{"@type":"Organization","@id":"https:\/\/www.mundoacuicola.cl\/new\/#organization","name":"Mundoacuicola","url":"https:\/\/www.mundoacuicola.cl\/new\/","logo":{"@type":"ImageObject","inLanguage":"es","@id":"https:\/\/www.mundoacuicola.cl\/new\/#\/schema\/logo\/image\/","url":"https:\/\/www.mundoacuicola.cl\/new\/wp-content\/uploads\/2026\/01\/cropped-LOGO-Mundo-Acuicola-2026.png","contentUrl":"https:\/\/www.mundoacuicola.cl\/new\/wp-content\/uploads\/2026\/01\/cropped-LOGO-Mundo-Acuicola-2026.png","width":1252,"height":296,"caption":"Mundoacuicola"},"image":{"@id":"https:\/\/www.mundoacuicola.cl\/new\/#\/schema\/logo\/image\/"},"sameAs":["https:\/\/www.facebook.com\/mundo.acuicola\/","https:\/\/x.com\/mundoacuicola","https:\/\/www.linkedin.com\/in\/mundo-acuicola"]},{"@type":"Person","@id":"https:\/\/www.mundoacuicola.cl\/new\/#\/schema\/person\/52cfe7e461eb2d30484965350ee34bdd","name":"Ricardo Alvarez","url":"https:\/\/www.mundoacuicola.cl\/new\/author\/ricardo\/"}]}},"_links":{"self":[{"href":"https:\/\/www.mundoacuicola.cl\/new\/wp-json\/wp\/v2\/posts\/92103","targetHints":{"allow":["GET"]}}],"collection":[{"href":"https:\/\/www.mundoacuicola.cl\/new\/wp-json\/wp\/v2\/posts"}],"about":[{"href":"https:\/\/www.mundoacuicola.cl\/new\/wp-json\/wp\/v2\/types\/post"}],"author":[{"embeddable":true,"href":"https:\/\/www.mundoacuicola.cl\/new\/wp-json\/wp\/v2\/users\/8"}],"replies":[{"embeddable":true,"href":"https:\/\/www.mundoacuicola.cl\/new\/wp-json\/wp\/v2\/comments?post=92103"}],"version-history":[{"count":2,"href":"https:\/\/www.mundoacuicola.cl\/new\/wp-json\/wp\/v2\/posts\/92103\/revisions"}],"predecessor-version":[{"id":92108,"href":"https:\/\/www.mundoacuicola.cl\/new\/wp-json\/wp\/v2\/posts\/92103\/revisions\/92108"}],"wp:featuredmedia":[{"embeddable":true,"href":"https:\/\/www.mundoacuicola.cl\/new\/wp-json\/wp\/v2\/media\/92105"}],"wp:attachment":[{"href":"https:\/\/www.mundoacuicola.cl\/new\/wp-json\/wp\/v2\/media?parent=92103"}],"wp:term":[{"taxonomy":"category","embeddable":true,"href":"https:\/\/www.mundoacuicola.cl\/new\/wp-json\/wp\/v2\/categories?post=92103"},{"taxonomy":"post_tag","embeddable":true,"href":"https:\/\/www.mundoacuicola.cl\/new\/wp-json\/wp\/v2\/tags?post=92103"}],"curies":[{"name":"wp","href":"https:\/\/api.w.org\/{rel}","templated":true}]}}