{"id":92127,"date":"2026-09-02T14:02:00","date_gmt":"2026-09-02T18:02:00","guid":{"rendered":"https:\/\/www.mundoacuicola.cl\/new\/?p=92127"},"modified":"2026-09-02T14:05:46","modified_gmt":"2026-09-02T18:05:46","slug":"pescadores-industriales-del-biobio-durante-seminario-desarrollado-junto-a-cpc-y-corma-es-momento-de-considerar-a-la-pesca-ilegal-como-crimen-organizado-y-declarar-delito-toda-la-cadena-que-o","status":"publish","type":"post","link":"https:\/\/www.mundoacuicola.cl\/new\/pescadores-industriales-del-biobio-durante-seminario-desarrollado-junto-a-cpc-y-corma-es-momento-de-considerar-a-la-pesca-ilegal-como-crimen-organizado-y-declarar-delito-toda-la-cadena-que-o\/","title":{"rendered":"Pescadores Industriales del Biob\u00edo piden considerar la pesca ilegal como crimen organizado y declarar delito toda la cadena que la origina"},"content":{"rendered":"<p><span style=\"font-weight: 400;\">La pesca ilegal dej\u00f3 de ser una sucesi\u00f3n de robos menores protagonizado por los denominados \u00abgatos\u00bb para convertirse hoy en una econom\u00eda il\u00edcita que opera mediante redes organizadas de extracci\u00f3n, transporte, acopio y comercializaci\u00f3n, generando cuantiosas ganancias y p\u00e9rdidas para el Estado. Esa fue una de las principales conclusiones del seminario \u201cPor un Chile sin econom\u00eda il\u00edcita: los casos forestal y pesquero\u201d, convocado por Pescadores Industriales del Biob\u00edo en conjunto a la Confederaci\u00f3n para la Producci\u00f3n y el Comercio (CPC) y Corma Biob\u00edo-\u00d1uble, con el prop\u00f3sito de dimensionar un fen\u00f3meno creciente que pone en riesgo la seguridad de los trabajadores, la salud de los consumidores y la sostenibilidad de los recursos marinos.<\/span><\/p>\n<p><span style=\"font-weight: 400;\">En la instancia se presentaron antecedentes contenidos en un reciente informe elaborado por la CPC junto con 30 gremios empresariales y cerca de 70 especialistas, que expuso que la comercializaci\u00f3n ilegal de productos del mar moviliza alrededor de US$430 millones anuales y genera p\u00e9rdidas tributarias cercanas a los US$50 millones.<\/span><\/p>\n<p><span style=\"font-weight: 400;\">Cabe destacar que la pesca ilegal, no declarada, no certificada o fiscalizada es uno de los principales problemas que enfrenta el sector pesquero nacional, ya que agota las poblaciones de peces, destruye los h\u00e1bitats marinos, perjudica injustamente a los pescadores que capturan solo su cuota y hace m\u00e1s vulnerables a las comunidades costeras. Hoy est\u00e1 dentro de las 10 econom\u00edas il\u00edcitas m\u00e1s relevantes de Chile y los recursos del Estado son extremadamente limitados para atender la magnitud del problema.<\/span><\/p>\n<p><span style=\"font-weight: 400;\">De esta forma, a partir del an\u00e1lisis de la respuesta institucional frente al robo de madera, la gerenta regional de CORMA Biob\u00edo\u2013\u00d1uble, Margarita Celis, present\u00f3 la estrategia impulsada por los seis gremios de la coalici\u00f3n Futuro Madera basada en la articulaci\u00f3n p\u00fablico-privada, la autorregulaci\u00f3n, cambios legales, tecnolog\u00eda y trazabilidad, trabajo que permiti\u00f3 reducir en un 94% el impacto econ\u00f3mico estimado de esta actividad il\u00edcita entre 2021 y 2023.\u00a0<\/span><\/p>\n<p><span style=\"font-weight: 400;\">\u201cLa principal lecci\u00f3n que nos dej\u00f3 este proceso fue la importancia de conocer bien el problema al que nos est\u00e1bamos enfrentando y tomar la decisi\u00f3n de enfrentarlo. Entendimos que no est\u00e1bamos solamente frente al robo de madera, sino ante un fen\u00f3meno de crimen organizado, con violencia, control territorial y capacidad de insertar madera de origen il\u00edcito en mercados formales para financiarse. Comprender esa dimensi\u00f3n cambi\u00f3 tambi\u00e9n la forma de abordar el problema y nos llev\u00f3 a construir una respuesta integral desde los compradores, con coordinaci\u00f3n p\u00fablico-privada, trazabilidad, tecnolog\u00eda y mejores herramientas legales\u201d, destac\u00f3.<\/span><\/p>\n<p><span style=\"font-weight: 400;\">Con esto, a trav\u00e9s de la experiencia comparada, desde Pescadores Industriales del Biob\u00edo enfatizaron en que, \u201ces momento de considerar a la pesca ilegal como crimen organizado y declarar delito toda la cadena que origina este verdadero atentado contra la sostenibilidad de los recursos pesqueros\u201d, se\u00f1al\u00f3 Macarena Cepeda Godoy, presidenta del gremio.<\/span><\/p>\n<p><span style=\"font-weight: 400;\">De hecho, la entidad pidi\u00f3 al Ejecutivo respaldar y otorgar urgencia al proyecto que se tramita en el Senado para crear un delito especial de tr\u00e1fico il\u00edcito de recursos hidrobiol\u00f3gicos. La iniciativa busca fortalecer la persecuci\u00f3n penal de quienes participan sistem\u00e1ticamente en el transporte, adquisici\u00f3n, almacenamiento, distribuci\u00f3n o comercializaci\u00f3n de productos extra\u00eddos ilegalmente. \u201cNosotros creemos que el proyecto va en el sentido correcto, pero debe considerar desde la extracci\u00f3n de los recursos pesqueros y no partir desde el transporte o la comercializaci\u00f3n. Hay que ir a la ra\u00edz del problema\u201d, explic\u00f3 Cepeda.<\/span><\/p>\n<p><span style=\"font-weight: 400;\">\u201cNecesitamos que el Gobierno respalde esta iniciativa y le otorgue la urgencia necesaria. La pesca ilegal ya no puede seguir siendo entendida como una infracci\u00f3n menor o como un problema exclusivo del sector pesquero. Estamos frente a organizaciones que cuentan con financiamiento, log\u00edstica, redes de distribuci\u00f3n y mecanismos para ocultar el origen il\u00edcito de los productos\u201d, afirm\u00f3.\u00a0<\/span><\/p>\n<p><span style=\"font-weight: 400;\">Cepeda coment\u00f3 que la extracci\u00f3n es solo el primer eslab\u00f3n de una estructura que tambi\u00e9n incluye captura, transporte, almacenamiento, falsificaci\u00f3n o blanqueo de documentos, evasi\u00f3n de impuestos, comercializaci\u00f3n informal y lavado de activos. Y constituye un riesgo para los consumidores, ya que los productos pueden terminar en plantas clandestinas, ferias libres, mercados, caletas, restaurantes, plataformas digitales o servicios de reparto, sin que sea posible acreditar su origen ni las condiciones sanitarias bajo las cuales fueron manipulados.<\/span><\/p>\n<h2><b>Respuesta del Estado<\/b><\/h2>\n<p><span style=\"font-weight: 400;\">La problem\u00e1tica fue analizada por un panel compuesto por el delegado Presidencial Regional, Julio Anativia, la gerente general de la CPC, Carolina Ag\u00fcero, y el ex senador y ex subsecretario del Interior, Felipe Harboe, quienes coincidieron en la necesidad de fortalecer la coordinaci\u00f3n entre Sernapesca, la Armada, las polic\u00edas, el Ministerio P\u00fablico, el Servicio de Impuestos Internos, Aduanas, las autoridades sanitarias y los municipios para el combate de la pesca ilegal.<\/span><\/p>\n<p><span style=\"font-weight: 400;\">En esa l\u00ednea, cabe se\u00f1alar que actualmente Sernapesca cuenta con cerca de 1.200 funcionarios para fiscalizar las pesquer\u00edas y la acuicultura de todo el pa\u00eds, adem\u00e1s de cumplir tareas asociadas a certificaciones, comercio exterior y labores administrativas. En 2025 dispon\u00eda de siete embarcaciones, de las cuales solo tres se encontraban operativas. A esto se suma que, seg\u00fan antecedentes entregados, el 96% de los casos de pesca ilegal detectados termina sin una sanci\u00f3n efectiva.<\/span><\/p>\n","protected":false},"excerpt":{"rendered":"<p>La presidenta del gremio, Macarena Cepeda Godoy, coment\u00f3 que, si bien existe una iniciativa en el Senado que crea un delito especial de tr\u00e1fico il\u00edcito de recursos hidrobiol\u00f3gicos, para castigar con c\u00e1rcel a las redes de crimen organizado que explotan de forma ilegal las especies marinas en Chile, es urgente que el Ejecutivo se involucre frente a un fen\u00f3meno que est\u00e1 en aumento principalmente en esta zona del pa\u00eds.<\/p>\n","protected":false},"author":8,"featured_media":92129,"comment_status":"closed","ping_status":"closed","sticky":false,"template":"","format":"standard","meta":{"footnotes":""},"categories":[62],"tags":[30308,30309,30305,830,30306,30307,30304,125],"class_list":["post-92127","post","type-post","status-publish","format-standard","has-post-thumbnail","hentry","category-pesca","tag-el-ministerio-publico","tag-el-servicio-de-impuestos-internos","tag-julio-anativia","tag-la-armada","tag-la-gerente-general-de-la-cpc","tag-las-policias","tag-presidencial-regional","tag-sernapesca"],"yoast_head":"<!-- This site is optimized with the Yoast SEO plugin v28.3 - https:\/\/yoast.com\/product\/yoast-seo-wordpress\/ -->\n<title>Pescadores Industriales del Biob\u00edo piden considerar la pesca ilegal como crimen organizado y declarar delito toda la cadena que la origina - Mundoacuicola<\/title>\n<meta name=\"description\" content=\"La presidenta del gremio, Macarena Cepeda Godoy, coment\u00f3 que, si bien existe una iniciativa en el Senado que crea un delito.\" \/>\n<meta name=\"robots\" content=\"index, follow, max-snippet:-1, max-image-preview:large, max-video-preview:-1\" \/>\n<link rel=\"canonical\" href=\"https:\/\/www.mundoacuicola.cl\/new\/pescadores-industriales-del-biobio-durante-seminario-desarrollado-junto-a-cpc-y-corma-es-momento-de-considerar-a-la-pesca-ilegal-como-crimen-organizado-y-declarar-delito-toda-la-cadena-que-o\/\" \/>\n<meta property=\"og:locale\" content=\"es_ES\" \/>\n<meta property=\"og:type\" content=\"article\" \/>\n<meta property=\"og:title\" content=\"Pescadores Industriales del Biob\u00edo piden considerar la pesca ilegal como crimen organizado y declarar delito toda la cadena que la origina - Mundoacuicola\" \/>\n<meta property=\"og:description\" content=\"La presidenta del gremio, Macarena Cepeda Godoy, coment\u00f3 que, si bien existe una iniciativa en el Senado que crea un delito.\" \/>\n<meta property=\"og:url\" content=\"https:\/\/www.mundoacuicola.cl\/new\/pescadores-industriales-del-biobio-durante-seminario-desarrollado-junto-a-cpc-y-corma-es-momento-de-considerar-a-la-pesca-ilegal-como-crimen-organizado-y-declarar-delito-toda-la-cadena-que-o\/\" \/>\n<meta property=\"og:site_name\" content=\"Mundoacuicola\" \/>\n<meta property=\"article:publisher\" content=\"https:\/\/www.facebook.com\/mundo.acuicola\/\" \/>\n<meta property=\"article:published_time\" content=\"2026-09-02T18:02:00+00:00\" \/>\n<meta property=\"article:modified_time\" content=\"2026-09-02T18:05:46+00:00\" \/>\n<meta property=\"og:image\" content=\"https:\/\/www.mundoacuicola.cl\/new\/wp-content\/uploads\/2026\/09\/IndustrialesBiobio222.jpg\" \/>\n\t<meta property=\"og:image:width\" content=\"1200\" \/>\n\t<meta property=\"og:image:height\" content=\"726\" \/>\n\t<meta property=\"og:image:type\" content=\"image\/jpeg\" \/>\n<meta name=\"author\" content=\"Ricardo Alvarez\" \/>\n<meta name=\"twitter:card\" content=\"summary_large_image\" \/>\n<meta name=\"twitter:creator\" content=\"@mundoacuicola\" \/>\n<meta name=\"twitter:site\" content=\"@mundoacuicola\" \/>\n<meta name=\"twitter:label1\" content=\"Escrito por\" \/>\n\t<meta name=\"twitter:data1\" content=\"Ricardo Alvarez\" \/>\n\t<meta name=\"twitter:label2\" content=\"Tiempo de lectura\" \/>\n\t<meta name=\"twitter:data2\" content=\"4 minutos\" \/>\n<script type=\"application\/ld+json\" class=\"yoast-schema-graph\">{\"@context\":\"https:\\\/\\\/schema.org\",\"@graph\":[{\"@type\":\"Article\",\"@id\":\"https:\\\/\\\/www.mundoacuicola.cl\\\/new\\\/pescadores-industriales-del-biobio-durante-seminario-desarrollado-junto-a-cpc-y-corma-es-momento-de-considerar-a-la-pesca-ilegal-como-crimen-organizado-y-declarar-delito-toda-la-cadena-que-o\\\/#article\",\"isPartOf\":{\"@id\":\"https:\\\/\\\/www.mundoacuicola.cl\\\/new\\\/pescadores-industriales-del-biobio-durante-seminario-desarrollado-junto-a-cpc-y-corma-es-momento-de-considerar-a-la-pesca-ilegal-como-crimen-organizado-y-declarar-delito-toda-la-cadena-que-o\\\/\"},\"author\":{\"name\":\"Ricardo Alvarez\",\"@id\":\"https:\\\/\\\/www.mundoacuicola.cl\\\/new\\\/#\\\/schema\\\/person\\\/52cfe7e461eb2d30484965350ee34bdd\"},\"headline\":\"Pescadores Industriales del Biob\u00edo piden considerar la pesca ilegal como crimen organizado y declarar delito toda la cadena que la origina\",\"datePublished\":\"2026-09-02T18:02:00+00:00\",\"dateModified\":\"2026-09-02T18:05:46+00:00\",\"mainEntityOfPage\":{\"@id\":\"https:\\\/\\\/www.mundoacuicola.cl\\\/new\\\/pescadores-industriales-del-biobio-durante-seminario-desarrollado-junto-a-cpc-y-corma-es-momento-de-considerar-a-la-pesca-ilegal-como-crimen-organizado-y-declarar-delito-toda-la-cadena-que-o\\\/\"},\"wordCount\":920,\"publisher\":{\"@id\":\"https:\\\/\\\/www.mundoacuicola.cl\\\/new\\\/#organization\"},\"image\":{\"@id\":\"https:\\\/\\\/www.mundoacuicola.cl\\\/new\\\/pescadores-industriales-del-biobio-durante-seminario-desarrollado-junto-a-cpc-y-corma-es-momento-de-considerar-a-la-pesca-ilegal-como-crimen-organizado-y-declarar-delito-toda-la-cadena-que-o\\\/#primaryimage\"},\"thumbnailUrl\":\"https:\\\/\\\/www.mundoacuicola.cl\\\/new\\\/wp-content\\\/uploads\\\/2026\\\/09\\\/IndustrialesBiobio222.jpg\",\"keywords\":[\"el Ministerio P\u00fablico\",\"el Servicio de Impuestos Internos\",\"Julio Anativia\",\"la Armada\",\"la gerente general de la CPC\",\"las polic\u00edas\",\"Presidencial Regional\",\"Sernapesca\"],\"articleSection\":[\"Pesca\"],\"inLanguage\":\"es\"},{\"@type\":\"WebPage\",\"@id\":\"https:\\\/\\\/www.mundoacuicola.cl\\\/new\\\/pescadores-industriales-del-biobio-durante-seminario-desarrollado-junto-a-cpc-y-corma-es-momento-de-considerar-a-la-pesca-ilegal-como-crimen-organizado-y-declarar-delito-toda-la-cadena-que-o\\\/\",\"url\":\"https:\\\/\\\/www.mundoacuicola.cl\\\/new\\\/pescadores-industriales-del-biobio-durante-seminario-desarrollado-junto-a-cpc-y-corma-es-momento-de-considerar-a-la-pesca-ilegal-como-crimen-organizado-y-declarar-delito-toda-la-cadena-que-o\\\/\",\"name\":\"Pescadores Industriales del Biob\u00edo piden considerar la pesca ilegal como crimen organizado y declarar delito toda la cadena que la origina - Mundoacuicola\",\"isPartOf\":{\"@id\":\"https:\\\/\\\/www.mundoacuicola.cl\\\/new\\\/#website\"},\"primaryImageOfPage\":{\"@id\":\"https:\\\/\\\/www.mundoacuicola.cl\\\/new\\\/pescadores-industriales-del-biobio-durante-seminario-desarrollado-junto-a-cpc-y-corma-es-momento-de-considerar-a-la-pesca-ilegal-como-crimen-organizado-y-declarar-delito-toda-la-cadena-que-o\\\/#primaryimage\"},\"image\":{\"@id\":\"https:\\\/\\\/www.mundoacuicola.cl\\\/new\\\/pescadores-industriales-del-biobio-durante-seminario-desarrollado-junto-a-cpc-y-corma-es-momento-de-considerar-a-la-pesca-ilegal-como-crimen-organizado-y-declarar-delito-toda-la-cadena-que-o\\\/#primaryimage\"},\"thumbnailUrl\":\"https:\\\/\\\/www.mundoacuicola.cl\\\/new\\\/wp-content\\\/uploads\\\/2026\\\/09\\\/IndustrialesBiobio222.jpg\",\"datePublished\":\"2026-09-02T18:02:00+00:00\",\"dateModified\":\"2026-09-02T18:05:46+00:00\",\"description\":\"La presidenta del gremio, Macarena Cepeda Godoy, coment\u00f3 que, si bien existe una iniciativa en el Senado que crea un delito.\",\"breadcrumb\":{\"@id\":\"https:\\\/\\\/www.mundoacuicola.cl\\\/new\\\/pescadores-industriales-del-biobio-durante-seminario-desarrollado-junto-a-cpc-y-corma-es-momento-de-considerar-a-la-pesca-ilegal-como-crimen-organizado-y-declarar-delito-toda-la-cadena-que-o\\\/#breadcrumb\"},\"inLanguage\":\"es\",\"potentialAction\":[{\"@type\":\"ReadAction\",\"target\":[\"https:\\\/\\\/www.mundoacuicola.cl\\\/new\\\/pescadores-industriales-del-biobio-durante-seminario-desarrollado-junto-a-cpc-y-corma-es-momento-de-considerar-a-la-pesca-ilegal-como-crimen-organizado-y-declarar-delito-toda-la-cadena-que-o\\\/\"]}]},{\"@type\":\"ImageObject\",\"inLanguage\":\"es\",\"@id\":\"https:\\\/\\\/www.mundoacuicola.cl\\\/new\\\/pescadores-industriales-del-biobio-durante-seminario-desarrollado-junto-a-cpc-y-corma-es-momento-de-considerar-a-la-pesca-ilegal-como-crimen-organizado-y-declarar-delito-toda-la-cadena-que-o\\\/#primaryimage\",\"url\":\"https:\\\/\\\/www.mundoacuicola.cl\\\/new\\\/wp-content\\\/uploads\\\/2026\\\/09\\\/IndustrialesBiobio222.jpg\",\"contentUrl\":\"https:\\\/\\\/www.mundoacuicola.cl\\\/new\\\/wp-content\\\/uploads\\\/2026\\\/09\\\/IndustrialesBiobio222.jpg\",\"width\":1200,\"height\":726},{\"@type\":\"BreadcrumbList\",\"@id\":\"https:\\\/\\\/www.mundoacuicola.cl\\\/new\\\/pescadores-industriales-del-biobio-durante-seminario-desarrollado-junto-a-cpc-y-corma-es-momento-de-considerar-a-la-pesca-ilegal-como-crimen-organizado-y-declarar-delito-toda-la-cadena-que-o\\\/#breadcrumb\",\"itemListElement\":[{\"@type\":\"ListItem\",\"position\":1,\"name\":\"Portada\",\"item\":\"https:\\\/\\\/www.mundoacuicola.cl\\\/new\\\/\"},{\"@type\":\"ListItem\",\"position\":2,\"name\":\"Pescadores Industriales del Biob\u00edo piden considerar la pesca ilegal como crimen organizado y declarar delito toda la cadena que la origina\"}]},{\"@type\":\"WebSite\",\"@id\":\"https:\\\/\\\/www.mundoacuicola.cl\\\/new\\\/#website\",\"url\":\"https:\\\/\\\/www.mundoacuicola.cl\\\/new\\\/\",\"name\":\"Mundoacuicola\",\"description\":\"Revista de Acuicultura.\",\"publisher\":{\"@id\":\"https:\\\/\\\/www.mundoacuicola.cl\\\/new\\\/#organization\"},\"potentialAction\":[{\"@type\":\"SearchAction\",\"target\":{\"@type\":\"EntryPoint\",\"urlTemplate\":\"https:\\\/\\\/www.mundoacuicola.cl\\\/new\\\/?s={search_term_string}\"},\"query-input\":{\"@type\":\"PropertyValueSpecification\",\"valueRequired\":true,\"valueName\":\"search_term_string\"}}],\"inLanguage\":\"es\"},{\"@type\":\"Organization\",\"@id\":\"https:\\\/\\\/www.mundoacuicola.cl\\\/new\\\/#organization\",\"name\":\"Mundoacuicola\",\"url\":\"https:\\\/\\\/www.mundoacuicola.cl\\\/new\\\/\",\"logo\":{\"@type\":\"ImageObject\",\"inLanguage\":\"es\",\"@id\":\"https:\\\/\\\/www.mundoacuicola.cl\\\/new\\\/#\\\/schema\\\/logo\\\/image\\\/\",\"url\":\"https:\\\/\\\/www.mundoacuicola.cl\\\/new\\\/wp-content\\\/uploads\\\/2026\\\/01\\\/cropped-LOGO-Mundo-Acuicola-2026.png\",\"contentUrl\":\"https:\\\/\\\/www.mundoacuicola.cl\\\/new\\\/wp-content\\\/uploads\\\/2026\\\/01\\\/cropped-LOGO-Mundo-Acuicola-2026.png\",\"width\":1252,\"height\":296,\"caption\":\"Mundoacuicola\"},\"image\":{\"@id\":\"https:\\\/\\\/www.mundoacuicola.cl\\\/new\\\/#\\\/schema\\\/logo\\\/image\\\/\"},\"sameAs\":[\"https:\\\/\\\/www.facebook.com\\\/mundo.acuicola\\\/\",\"https:\\\/\\\/x.com\\\/mundoacuicola\",\"https:\\\/\\\/www.linkedin.com\\\/in\\\/mundo-acuicola\"]},{\"@type\":\"Person\",\"@id\":\"https:\\\/\\\/www.mundoacuicola.cl\\\/new\\\/#\\\/schema\\\/person\\\/52cfe7e461eb2d30484965350ee34bdd\",\"name\":\"Ricardo Alvarez\",\"url\":\"https:\\\/\\\/www.mundoacuicola.cl\\\/new\\\/author\\\/ricardo\\\/\"}]}<\/script>\n<!-- \/ Yoast SEO plugin. -->","yoast_head_json":{"title":"Pescadores Industriales del Biob\u00edo piden considerar la pesca ilegal como crimen organizado y declarar delito toda la cadena que la origina - Mundoacuicola","description":"La presidenta del gremio, Macarena Cepeda Godoy, coment\u00f3 que, si bien existe una iniciativa en el Senado que crea un delito.","robots":{"index":"index","follow":"follow","max-snippet":"max-snippet:-1","max-image-preview":"max-image-preview:large","max-video-preview":"max-video-preview:-1"},"canonical":"https:\/\/www.mundoacuicola.cl\/new\/pescadores-industriales-del-biobio-durante-seminario-desarrollado-junto-a-cpc-y-corma-es-momento-de-considerar-a-la-pesca-ilegal-como-crimen-organizado-y-declarar-delito-toda-la-cadena-que-o\/","og_locale":"es_ES","og_type":"article","og_title":"Pescadores Industriales del Biob\u00edo piden considerar la pesca ilegal como crimen organizado y declarar delito toda la cadena que la origina - Mundoacuicola","og_description":"La presidenta del gremio, Macarena Cepeda Godoy, coment\u00f3 que, si bien existe una iniciativa en el Senado que crea un delito.","og_url":"https:\/\/www.mundoacuicola.cl\/new\/pescadores-industriales-del-biobio-durante-seminario-desarrollado-junto-a-cpc-y-corma-es-momento-de-considerar-a-la-pesca-ilegal-como-crimen-organizado-y-declarar-delito-toda-la-cadena-que-o\/","og_site_name":"Mundoacuicola","article_publisher":"https:\/\/www.facebook.com\/mundo.acuicola\/","article_published_time":"2026-09-02T18:02:00+00:00","article_modified_time":"2026-09-02T18:05:46+00:00","og_image":[{"width":1200,"height":726,"url":"https:\/\/www.mundoacuicola.cl\/new\/wp-content\/uploads\/2026\/09\/IndustrialesBiobio222.jpg","type":"image\/jpeg"}],"author":"Ricardo Alvarez","twitter_card":"summary_large_image","twitter_creator":"@mundoacuicola","twitter_site":"@mundoacuicola","twitter_misc":{"Escrito por":"Ricardo Alvarez","Tiempo de lectura":"4 minutos"},"schema":{"@context":"https:\/\/schema.org","@graph":[{"@type":"Article","@id":"https:\/\/www.mundoacuicola.cl\/new\/pescadores-industriales-del-biobio-durante-seminario-desarrollado-junto-a-cpc-y-corma-es-momento-de-considerar-a-la-pesca-ilegal-como-crimen-organizado-y-declarar-delito-toda-la-cadena-que-o\/#article","isPartOf":{"@id":"https:\/\/www.mundoacuicola.cl\/new\/pescadores-industriales-del-biobio-durante-seminario-desarrollado-junto-a-cpc-y-corma-es-momento-de-considerar-a-la-pesca-ilegal-como-crimen-organizado-y-declarar-delito-toda-la-cadena-que-o\/"},"author":{"name":"Ricardo Alvarez","@id":"https:\/\/www.mundoacuicola.cl\/new\/#\/schema\/person\/52cfe7e461eb2d30484965350ee34bdd"},"headline":"Pescadores Industriales del Biob\u00edo piden considerar la pesca ilegal como crimen organizado y declarar delito toda la cadena que la origina","datePublished":"2026-09-02T18:02:00+00:00","dateModified":"2026-09-02T18:05:46+00:00","mainEntityOfPage":{"@id":"https:\/\/www.mundoacuicola.cl\/new\/pescadores-industriales-del-biobio-durante-seminario-desarrollado-junto-a-cpc-y-corma-es-momento-de-considerar-a-la-pesca-ilegal-como-crimen-organizado-y-declarar-delito-toda-la-cadena-que-o\/"},"wordCount":920,"publisher":{"@id":"https:\/\/www.mundoacuicola.cl\/new\/#organization"},"image":{"@id":"https:\/\/www.mundoacuicola.cl\/new\/pescadores-industriales-del-biobio-durante-seminario-desarrollado-junto-a-cpc-y-corma-es-momento-de-considerar-a-la-pesca-ilegal-como-crimen-organizado-y-declarar-delito-toda-la-cadena-que-o\/#primaryimage"},"thumbnailUrl":"https:\/\/www.mundoacuicola.cl\/new\/wp-content\/uploads\/2026\/09\/IndustrialesBiobio222.jpg","keywords":["el Ministerio P\u00fablico","el Servicio de Impuestos Internos","Julio Anativia","la Armada","la gerente general de la CPC","las polic\u00edas","Presidencial Regional","Sernapesca"],"articleSection":["Pesca"],"inLanguage":"es"},{"@type":"WebPage","@id":"https:\/\/www.mundoacuicola.cl\/new\/pescadores-industriales-del-biobio-durante-seminario-desarrollado-junto-a-cpc-y-corma-es-momento-de-considerar-a-la-pesca-ilegal-como-crimen-organizado-y-declarar-delito-toda-la-cadena-que-o\/","url":"https:\/\/www.mundoacuicola.cl\/new\/pescadores-industriales-del-biobio-durante-seminario-desarrollado-junto-a-cpc-y-corma-es-momento-de-considerar-a-la-pesca-ilegal-como-crimen-organizado-y-declarar-delito-toda-la-cadena-que-o\/","name":"Pescadores Industriales del Biob\u00edo piden considerar la pesca ilegal como crimen organizado y declarar delito toda la cadena que la origina - Mundoacuicola","isPartOf":{"@id":"https:\/\/www.mundoacuicola.cl\/new\/#website"},"primaryImageOfPage":{"@id":"https:\/\/www.mundoacuicola.cl\/new\/pescadores-industriales-del-biobio-durante-seminario-desarrollado-junto-a-cpc-y-corma-es-momento-de-considerar-a-la-pesca-ilegal-como-crimen-organizado-y-declarar-delito-toda-la-cadena-que-o\/#primaryimage"},"image":{"@id":"https:\/\/www.mundoacuicola.cl\/new\/pescadores-industriales-del-biobio-durante-seminario-desarrollado-junto-a-cpc-y-corma-es-momento-de-considerar-a-la-pesca-ilegal-como-crimen-organizado-y-declarar-delito-toda-la-cadena-que-o\/#primaryimage"},"thumbnailUrl":"https:\/\/www.mundoacuicola.cl\/new\/wp-content\/uploads\/2026\/09\/IndustrialesBiobio222.jpg","datePublished":"2026-09-02T18:02:00+00:00","dateModified":"2026-09-02T18:05:46+00:00","description":"La presidenta del gremio, Macarena Cepeda Godoy, coment\u00f3 que, si bien existe una iniciativa en el Senado que crea un delito.","breadcrumb":{"@id":"https:\/\/www.mundoacuicola.cl\/new\/pescadores-industriales-del-biobio-durante-seminario-desarrollado-junto-a-cpc-y-corma-es-momento-de-considerar-a-la-pesca-ilegal-como-crimen-organizado-y-declarar-delito-toda-la-cadena-que-o\/#breadcrumb"},"inLanguage":"es","potentialAction":[{"@type":"ReadAction","target":["https:\/\/www.mundoacuicola.cl\/new\/pescadores-industriales-del-biobio-durante-seminario-desarrollado-junto-a-cpc-y-corma-es-momento-de-considerar-a-la-pesca-ilegal-como-crimen-organizado-y-declarar-delito-toda-la-cadena-que-o\/"]}]},{"@type":"ImageObject","inLanguage":"es","@id":"https:\/\/www.mundoacuicola.cl\/new\/pescadores-industriales-del-biobio-durante-seminario-desarrollado-junto-a-cpc-y-corma-es-momento-de-considerar-a-la-pesca-ilegal-como-crimen-organizado-y-declarar-delito-toda-la-cadena-que-o\/#primaryimage","url":"https:\/\/www.mundoacuicola.cl\/new\/wp-content\/uploads\/2026\/09\/IndustrialesBiobio222.jpg","contentUrl":"https:\/\/www.mundoacuicola.cl\/new\/wp-content\/uploads\/2026\/09\/IndustrialesBiobio222.jpg","width":1200,"height":726},{"@type":"BreadcrumbList","@id":"https:\/\/www.mundoacuicola.cl\/new\/pescadores-industriales-del-biobio-durante-seminario-desarrollado-junto-a-cpc-y-corma-es-momento-de-considerar-a-la-pesca-ilegal-como-crimen-organizado-y-declarar-delito-toda-la-cadena-que-o\/#breadcrumb","itemListElement":[{"@type":"ListItem","position":1,"name":"Portada","item":"https:\/\/www.mundoacuicola.cl\/new\/"},{"@type":"ListItem","position":2,"name":"Pescadores Industriales del Biob\u00edo piden considerar la pesca ilegal como crimen organizado y declarar delito toda la cadena que la origina"}]},{"@type":"WebSite","@id":"https:\/\/www.mundoacuicola.cl\/new\/#website","url":"https:\/\/www.mundoacuicola.cl\/new\/","name":"Mundoacuicola","description":"Revista de Acuicultura.","publisher":{"@id":"https:\/\/www.mundoacuicola.cl\/new\/#organization"},"potentialAction":[{"@type":"SearchAction","target":{"@type":"EntryPoint","urlTemplate":"https:\/\/www.mundoacuicola.cl\/new\/?s={search_term_string}"},"query-input":{"@type":"PropertyValueSpecification","valueRequired":true,"valueName":"search_term_string"}}],"inLanguage":"es"},{"@type":"Organization","@id":"https:\/\/www.mundoacuicola.cl\/new\/#organization","name":"Mundoacuicola","url":"https:\/\/www.mundoacuicola.cl\/new\/","logo":{"@type":"ImageObject","inLanguage":"es","@id":"https:\/\/www.mundoacuicola.cl\/new\/#\/schema\/logo\/image\/","url":"https:\/\/www.mundoacuicola.cl\/new\/wp-content\/uploads\/2026\/01\/cropped-LOGO-Mundo-Acuicola-2026.png","contentUrl":"https:\/\/www.mundoacuicola.cl\/new\/wp-content\/uploads\/2026\/01\/cropped-LOGO-Mundo-Acuicola-2026.png","width":1252,"height":296,"caption":"Mundoacuicola"},"image":{"@id":"https:\/\/www.mundoacuicola.cl\/new\/#\/schema\/logo\/image\/"},"sameAs":["https:\/\/www.facebook.com\/mundo.acuicola\/","https:\/\/x.com\/mundoacuicola","https:\/\/www.linkedin.com\/in\/mundo-acuicola"]},{"@type":"Person","@id":"https:\/\/www.mundoacuicola.cl\/new\/#\/schema\/person\/52cfe7e461eb2d30484965350ee34bdd","name":"Ricardo Alvarez","url":"https:\/\/www.mundoacuicola.cl\/new\/author\/ricardo\/"}]}},"_links":{"self":[{"href":"https:\/\/www.mundoacuicola.cl\/new\/wp-json\/wp\/v2\/posts\/92127","targetHints":{"allow":["GET"]}}],"collection":[{"href":"https:\/\/www.mundoacuicola.cl\/new\/wp-json\/wp\/v2\/posts"}],"about":[{"href":"https:\/\/www.mundoacuicola.cl\/new\/wp-json\/wp\/v2\/types\/post"}],"author":[{"embeddable":true,"href":"https:\/\/www.mundoacuicola.cl\/new\/wp-json\/wp\/v2\/users\/8"}],"replies":[{"embeddable":true,"href":"https:\/\/www.mundoacuicola.cl\/new\/wp-json\/wp\/v2\/comments?post=92127"}],"version-history":[{"count":2,"href":"https:\/\/www.mundoacuicola.cl\/new\/wp-json\/wp\/v2\/posts\/92127\/revisions"}],"predecessor-version":[{"id":92130,"href":"https:\/\/www.mundoacuicola.cl\/new\/wp-json\/wp\/v2\/posts\/92127\/revisions\/92130"}],"wp:featuredmedia":[{"embeddable":true,"href":"https:\/\/www.mundoacuicola.cl\/new\/wp-json\/wp\/v2\/media\/92129"}],"wp:attachment":[{"href":"https:\/\/www.mundoacuicola.cl\/new\/wp-json\/wp\/v2\/media?parent=92127"}],"wp:term":[{"taxonomy":"category","embeddable":true,"href":"https:\/\/www.mundoacuicola.cl\/new\/wp-json\/wp\/v2\/categories?post=92127"},{"taxonomy":"post_tag","embeddable":true,"href":"https:\/\/www.mundoacuicola.cl\/new\/wp-json\/wp\/v2\/tags?post=92127"}],"curies":[{"name":"wp","href":"https:\/\/api.w.org\/{rel}","templated":true}]}}