{"id":92137,"date":"2026-09-02T17:37:29","date_gmt":"2026-09-02T21:37:29","guid":{"rendered":"https:\/\/www.mundoacuicola.cl\/new\/?p=92137"},"modified":"2026-09-02T17:38:46","modified_gmt":"2026-09-02T21:38:46","slug":"incar%c2%b2-participa-en-la-segunda-mesa-bentonica-de-la-region-de-nuble-realizada-en-taucu","status":"publish","type":"post","link":"https:\/\/www.mundoacuicola.cl\/new\/incar%c2%b2-participa-en-la-segunda-mesa-bentonica-de-la-region-de-nuble-realizada-en-taucu\/","title":{"rendered":"INCAR\u00b2 participa en la Segunda Mesa Bent\u00f3nica de la Regi\u00f3n de \u00d1uble realizada en Tauc\u00fa"},"content":{"rendered":"<p><span style=\"font-weight: 400;\">Con el prop\u00f3sito de impulsar iniciativas de desarrollo marino sostenible y fortalecer el trabajo articulado en la zona costera, el Centro Interdisciplinario para la Investigaci\u00f3n Acu\u00edcola \u2013 Investigaci\u00f3n Aplicada, INCAR\u00b2, particip\u00f3 en la Segunda Mesa Bent\u00f3nica de la Regi\u00f3n de \u00d1uble, realizada en la sede vecinal de la localidad de Tauc\u00fa, comuna de Cobquecura. La instancia fue coordinada por la Direcci\u00f3n Zonal de Pesca y Acuicultura Biob\u00edo-\u00d1uble.<\/span><\/p>\n<p><span style=\"font-weight: 400;\">El encuentro reuni\u00f3 a dirigentes y pescadores de los Sindicatos de Pescadores Artesanales de Perales, Mela, Colmuyao, Cobquecura y Verde-Mar de Tauc\u00fa, junto a la Federaci\u00f3n de Pescadores Artesanales de la Regi\u00f3n de \u00d1uble (FEPAR-\u00d1uble). Asimismo, cont\u00f3 con la presencia de autoridades regionales y sectoriales, entre ellas el SEREMI de Econom\u00eda, Manuel Cofr\u00e9; el Director Zonal de Pesca, Humberto Pool; el Director Regional de SERNAPESCA, Pablo Lazo Salgado; el Delegado Presidencial Provincial de Itata, Tom\u00e1s Landaeta; y representantes de la Autoridad Mar\u00edtima e INDESPA.<\/span><\/p>\n<p><span style=\"font-weight: 400;\">En representaci\u00f3n de INCAR\u00b2, el Encargado de Comunicaciones y Vinculaci\u00f3n del centro, Pablo Carrasco Olivares, expuso sobre las oportunidades de repoblamiento mar\u00edtimo y acuicultura restaurativa en el litoral regional. En su intervenci\u00f3n analiz\u00f3 experiencias desarrolladas en otras zonas del pa\u00eds con especies como el erizo y el piure \u2014recursos aut\u00f3ctonos presentes en las costas de \u00d1uble\u2014, destacando su potencial para diversificar la pesca artesanal y restaurar los ecosistemas marinos.<\/span><\/p>\n<p><span style=\"font-weight: 400;\">La propuesta gener\u00f3 un alto inter\u00e9s y una positiva recepci\u00f3n por parte de los asistentes, quienes valoraron la posibilidad de avanzar hacia proyectos piloto de repoblamiento y acuicultura restaurativa, iniciativas in\u00e9ditas hasta la fecha en las costas de la Regi\u00f3n de \u00d1uble.<\/span><\/p>\n","protected":false},"excerpt":{"rendered":"<p>INCAR\u00b2 present\u00f3 oportunidades de repoblamiento y acuicultura restaurativa para diversificar la pesca artesanal en \u00d1uble.<\/p>\n","protected":false},"author":8,"featured_media":92142,"comment_status":"closed","ping_status":"closed","sticky":false,"template":"","format":"standard","meta":{"footnotes":""},"categories":[62],"tags":[30322,2905,729,28051,22665,441,2150,1242,30323,24436],"class_list":["post-92137","post","type-post","status-publish","format-standard","has-post-thumbnail","hentry","category-pesca","tag-acuicultura-restaurativa","tag-cobquecura","tag-erizo","tag-incar","tag-mesa-bentonica","tag-pesca-artesanal","tag-piure","tag-region-de-nuble","tag-repoblamiento-marino","tag-sostenibilidad-marina"],"yoast_head":"<!-- This site is optimized with the Yoast SEO plugin v28.3 - https:\/\/yoast.com\/product\/yoast-seo-wordpress\/ -->\n<title>INCAR\u00b2 participa en la Segunda Mesa Bent\u00f3nica de la Regi\u00f3n de \u00d1uble realizada en Tauc\u00fa - Mundoacuicola<\/title>\n<meta name=\"description\" content=\"INCAR\u00b2 present\u00f3 oportunidades de repoblamiento y acuicultura restaurativa para diversificar la pesca artesanal en \u00d1uble.\" \/>\n<meta name=\"robots\" content=\"index, follow, max-snippet:-1, max-image-preview:large, max-video-preview:-1\" \/>\n<link rel=\"canonical\" href=\"https:\/\/www.mundoacuicola.cl\/new\/incar\u00b2-participa-en-la-segunda-mesa-bentonica-de-la-region-de-nuble-realizada-en-taucu\/\" \/>\n<meta property=\"og:locale\" content=\"es_ES\" \/>\n<meta property=\"og:type\" content=\"article\" \/>\n<meta property=\"og:title\" content=\"INCAR\u00b2 participa en la Segunda Mesa Bent\u00f3nica de la Regi\u00f3n de \u00d1uble realizada en Tauc\u00fa - Mundoacuicola\" \/>\n<meta property=\"og:description\" content=\"INCAR\u00b2 present\u00f3 oportunidades de repoblamiento y acuicultura restaurativa para diversificar la pesca artesanal en \u00d1uble.\" \/>\n<meta property=\"og:url\" content=\"https:\/\/www.mundoacuicola.cl\/new\/incar\u00b2-participa-en-la-segunda-mesa-bentonica-de-la-region-de-nuble-realizada-en-taucu\/\" \/>\n<meta property=\"og:site_name\" content=\"Mundoacuicola\" \/>\n<meta property=\"article:publisher\" content=\"https:\/\/www.facebook.com\/mundo.acuicola\/\" \/>\n<meta property=\"article:published_time\" content=\"2026-09-02T21:37:29+00:00\" \/>\n<meta property=\"article:modified_time\" content=\"2026-09-02T21:38:46+00:00\" \/>\n<meta property=\"og:image\" content=\"https:\/\/www.mundoacuicola.cl\/new\/wp-content\/uploads\/2026\/09\/MesaBentonicaNuble.jpeg\" \/>\n\t<meta property=\"og:image:width\" content=\"1200\" \/>\n\t<meta property=\"og:image:height\" content=\"675\" \/>\n\t<meta property=\"og:image:type\" content=\"image\/jpeg\" \/>\n<meta name=\"author\" content=\"Ricardo Alvarez\" \/>\n<meta name=\"twitter:card\" content=\"summary_large_image\" \/>\n<meta name=\"twitter:creator\" content=\"@mundoacuicola\" \/>\n<meta name=\"twitter:site\" content=\"@mundoacuicola\" \/>\n<meta name=\"twitter:label1\" content=\"Escrito por\" \/>\n\t<meta name=\"twitter:data1\" content=\"Ricardo Alvarez\" \/>\n\t<meta name=\"twitter:label2\" content=\"Tiempo de lectura\" \/>\n\t<meta name=\"twitter:data2\" content=\"2 minutos\" \/>\n<script type=\"application\/ld+json\" class=\"yoast-schema-graph\">{\"@context\":\"https:\\\/\\\/schema.org\",\"@graph\":[{\"@type\":\"Article\",\"@id\":\"https:\\\/\\\/www.mundoacuicola.cl\\\/new\\\/incar%c2%b2-participa-en-la-segunda-mesa-bentonica-de-la-region-de-nuble-realizada-en-taucu\\\/#article\",\"isPartOf\":{\"@id\":\"https:\\\/\\\/www.mundoacuicola.cl\\\/new\\\/incar%c2%b2-participa-en-la-segunda-mesa-bentonica-de-la-region-de-nuble-realizada-en-taucu\\\/\"},\"author\":{\"name\":\"Ricardo Alvarez\",\"@id\":\"https:\\\/\\\/www.mundoacuicola.cl\\\/new\\\/#\\\/schema\\\/person\\\/52cfe7e461eb2d30484965350ee34bdd\"},\"headline\":\"INCAR\u00b2 participa en la Segunda Mesa Bent\u00f3nica de la Regi\u00f3n de \u00d1uble realizada en Tauc\u00fa\",\"datePublished\":\"2026-09-02T21:37:29+00:00\",\"dateModified\":\"2026-09-02T21:38:46+00:00\",\"mainEntityOfPage\":{\"@id\":\"https:\\\/\\\/www.mundoacuicola.cl\\\/new\\\/incar%c2%b2-participa-en-la-segunda-mesa-bentonica-de-la-region-de-nuble-realizada-en-taucu\\\/\"},\"wordCount\":303,\"publisher\":{\"@id\":\"https:\\\/\\\/www.mundoacuicola.cl\\\/new\\\/#organization\"},\"image\":{\"@id\":\"https:\\\/\\\/www.mundoacuicola.cl\\\/new\\\/incar%c2%b2-participa-en-la-segunda-mesa-bentonica-de-la-region-de-nuble-realizada-en-taucu\\\/#primaryimage\"},\"thumbnailUrl\":\"https:\\\/\\\/www.mundoacuicola.cl\\\/new\\\/wp-content\\\/uploads\\\/2026\\\/09\\\/MesaBentonicaNuble.jpeg\",\"keywords\":[\"acuicultura restaurativa\",\"Cobquecura\",\"Erizo\",\"INCAR\u00b2\",\"Mesa Bent\u00f3nica\",\"Pesca artesanal\",\"Piure\",\"Regi\u00f3n de \u00d1uble\",\"repoblamiento marino\",\"sostenibilidad marina\"],\"articleSection\":[\"Pesca\"],\"inLanguage\":\"es\"},{\"@type\":\"WebPage\",\"@id\":\"https:\\\/\\\/www.mundoacuicola.cl\\\/new\\\/incar%c2%b2-participa-en-la-segunda-mesa-bentonica-de-la-region-de-nuble-realizada-en-taucu\\\/\",\"url\":\"https:\\\/\\\/www.mundoacuicola.cl\\\/new\\\/incar%c2%b2-participa-en-la-segunda-mesa-bentonica-de-la-region-de-nuble-realizada-en-taucu\\\/\",\"name\":\"INCAR\u00b2 participa en la Segunda Mesa Bent\u00f3nica de la Regi\u00f3n de \u00d1uble realizada en Tauc\u00fa - Mundoacuicola\",\"isPartOf\":{\"@id\":\"https:\\\/\\\/www.mundoacuicola.cl\\\/new\\\/#website\"},\"primaryImageOfPage\":{\"@id\":\"https:\\\/\\\/www.mundoacuicola.cl\\\/new\\\/incar%c2%b2-participa-en-la-segunda-mesa-bentonica-de-la-region-de-nuble-realizada-en-taucu\\\/#primaryimage\"},\"image\":{\"@id\":\"https:\\\/\\\/www.mundoacuicola.cl\\\/new\\\/incar%c2%b2-participa-en-la-segunda-mesa-bentonica-de-la-region-de-nuble-realizada-en-taucu\\\/#primaryimage\"},\"thumbnailUrl\":\"https:\\\/\\\/www.mundoacuicola.cl\\\/new\\\/wp-content\\\/uploads\\\/2026\\\/09\\\/MesaBentonicaNuble.jpeg\",\"datePublished\":\"2026-09-02T21:37:29+00:00\",\"dateModified\":\"2026-09-02T21:38:46+00:00\",\"description\":\"INCAR\u00b2 present\u00f3 oportunidades de repoblamiento y acuicultura restaurativa para diversificar la pesca artesanal en \u00d1uble.\",\"breadcrumb\":{\"@id\":\"https:\\\/\\\/www.mundoacuicola.cl\\\/new\\\/incar%c2%b2-participa-en-la-segunda-mesa-bentonica-de-la-region-de-nuble-realizada-en-taucu\\\/#breadcrumb\"},\"inLanguage\":\"es\",\"potentialAction\":[{\"@type\":\"ReadAction\",\"target\":[\"https:\\\/\\\/www.mundoacuicola.cl\\\/new\\\/incar%c2%b2-participa-en-la-segunda-mesa-bentonica-de-la-region-de-nuble-realizada-en-taucu\\\/\"]}]},{\"@type\":\"ImageObject\",\"inLanguage\":\"es\",\"@id\":\"https:\\\/\\\/www.mundoacuicola.cl\\\/new\\\/incar%c2%b2-participa-en-la-segunda-mesa-bentonica-de-la-region-de-nuble-realizada-en-taucu\\\/#primaryimage\",\"url\":\"https:\\\/\\\/www.mundoacuicola.cl\\\/new\\\/wp-content\\\/uploads\\\/2026\\\/09\\\/MesaBentonicaNuble.jpeg\",\"contentUrl\":\"https:\\\/\\\/www.mundoacuicola.cl\\\/new\\\/wp-content\\\/uploads\\\/2026\\\/09\\\/MesaBentonicaNuble.jpeg\",\"width\":1200,\"height\":675},{\"@type\":\"BreadcrumbList\",\"@id\":\"https:\\\/\\\/www.mundoacuicola.cl\\\/new\\\/incar%c2%b2-participa-en-la-segunda-mesa-bentonica-de-la-region-de-nuble-realizada-en-taucu\\\/#breadcrumb\",\"itemListElement\":[{\"@type\":\"ListItem\",\"position\":1,\"name\":\"Portada\",\"item\":\"https:\\\/\\\/www.mundoacuicola.cl\\\/new\\\/\"},{\"@type\":\"ListItem\",\"position\":2,\"name\":\"INCAR\u00b2 participa en la Segunda Mesa Bent\u00f3nica de la Regi\u00f3n de \u00d1uble realizada en Tauc\u00fa\"}]},{\"@type\":\"WebSite\",\"@id\":\"https:\\\/\\\/www.mundoacuicola.cl\\\/new\\\/#website\",\"url\":\"https:\\\/\\\/www.mundoacuicola.cl\\\/new\\\/\",\"name\":\"Mundoacuicola\",\"description\":\"Revista de Acuicultura.\",\"publisher\":{\"@id\":\"https:\\\/\\\/www.mundoacuicola.cl\\\/new\\\/#organization\"},\"potentialAction\":[{\"@type\":\"SearchAction\",\"target\":{\"@type\":\"EntryPoint\",\"urlTemplate\":\"https:\\\/\\\/www.mundoacuicola.cl\\\/new\\\/?s={search_term_string}\"},\"query-input\":{\"@type\":\"PropertyValueSpecification\",\"valueRequired\":true,\"valueName\":\"search_term_string\"}}],\"inLanguage\":\"es\"},{\"@type\":\"Organization\",\"@id\":\"https:\\\/\\\/www.mundoacuicola.cl\\\/new\\\/#organization\",\"name\":\"Mundoacuicola\",\"url\":\"https:\\\/\\\/www.mundoacuicola.cl\\\/new\\\/\",\"logo\":{\"@type\":\"ImageObject\",\"inLanguage\":\"es\",\"@id\":\"https:\\\/\\\/www.mundoacuicola.cl\\\/new\\\/#\\\/schema\\\/logo\\\/image\\\/\",\"url\":\"https:\\\/\\\/www.mundoacuicola.cl\\\/new\\\/wp-content\\\/uploads\\\/2026\\\/01\\\/cropped-LOGO-Mundo-Acuicola-2026.png\",\"contentUrl\":\"https:\\\/\\\/www.mundoacuicola.cl\\\/new\\\/wp-content\\\/uploads\\\/2026\\\/01\\\/cropped-LOGO-Mundo-Acuicola-2026.png\",\"width\":1252,\"height\":296,\"caption\":\"Mundoacuicola\"},\"image\":{\"@id\":\"https:\\\/\\\/www.mundoacuicola.cl\\\/new\\\/#\\\/schema\\\/logo\\\/image\\\/\"},\"sameAs\":[\"https:\\\/\\\/www.facebook.com\\\/mundo.acuicola\\\/\",\"https:\\\/\\\/x.com\\\/mundoacuicola\",\"https:\\\/\\\/www.linkedin.com\\\/in\\\/mundo-acuicola\"]},{\"@type\":\"Person\",\"@id\":\"https:\\\/\\\/www.mundoacuicola.cl\\\/new\\\/#\\\/schema\\\/person\\\/52cfe7e461eb2d30484965350ee34bdd\",\"name\":\"Ricardo Alvarez\",\"url\":\"https:\\\/\\\/www.mundoacuicola.cl\\\/new\\\/author\\\/ricardo\\\/\"}]}<\/script>\n<!-- \/ Yoast SEO plugin. -->","yoast_head_json":{"title":"INCAR\u00b2 participa en la Segunda Mesa Bent\u00f3nica de la Regi\u00f3n de \u00d1uble realizada en Tauc\u00fa - Mundoacuicola","description":"INCAR\u00b2 present\u00f3 oportunidades de repoblamiento y acuicultura restaurativa para diversificar la pesca artesanal en \u00d1uble.","robots":{"index":"index","follow":"follow","max-snippet":"max-snippet:-1","max-image-preview":"max-image-preview:large","max-video-preview":"max-video-preview:-1"},"canonical":"https:\/\/www.mundoacuicola.cl\/new\/incar\u00b2-participa-en-la-segunda-mesa-bentonica-de-la-region-de-nuble-realizada-en-taucu\/","og_locale":"es_ES","og_type":"article","og_title":"INCAR\u00b2 participa en la Segunda Mesa Bent\u00f3nica de la Regi\u00f3n de \u00d1uble realizada en Tauc\u00fa - Mundoacuicola","og_description":"INCAR\u00b2 present\u00f3 oportunidades de repoblamiento y acuicultura restaurativa para diversificar la pesca artesanal en \u00d1uble.","og_url":"https:\/\/www.mundoacuicola.cl\/new\/incar\u00b2-participa-en-la-segunda-mesa-bentonica-de-la-region-de-nuble-realizada-en-taucu\/","og_site_name":"Mundoacuicola","article_publisher":"https:\/\/www.facebook.com\/mundo.acuicola\/","article_published_time":"2026-09-02T21:37:29+00:00","article_modified_time":"2026-09-02T21:38:46+00:00","og_image":[{"width":1200,"height":675,"url":"https:\/\/www.mundoacuicola.cl\/new\/wp-content\/uploads\/2026\/09\/MesaBentonicaNuble.jpeg","type":"image\/jpeg"}],"author":"Ricardo Alvarez","twitter_card":"summary_large_image","twitter_creator":"@mundoacuicola","twitter_site":"@mundoacuicola","twitter_misc":{"Escrito por":"Ricardo Alvarez","Tiempo de lectura":"2 minutos"},"schema":{"@context":"https:\/\/schema.org","@graph":[{"@type":"Article","@id":"https:\/\/www.mundoacuicola.cl\/new\/incar%c2%b2-participa-en-la-segunda-mesa-bentonica-de-la-region-de-nuble-realizada-en-taucu\/#article","isPartOf":{"@id":"https:\/\/www.mundoacuicola.cl\/new\/incar%c2%b2-participa-en-la-segunda-mesa-bentonica-de-la-region-de-nuble-realizada-en-taucu\/"},"author":{"name":"Ricardo Alvarez","@id":"https:\/\/www.mundoacuicola.cl\/new\/#\/schema\/person\/52cfe7e461eb2d30484965350ee34bdd"},"headline":"INCAR\u00b2 participa en la Segunda Mesa Bent\u00f3nica de la Regi\u00f3n de \u00d1uble realizada en Tauc\u00fa","datePublished":"2026-09-02T21:37:29+00:00","dateModified":"2026-09-02T21:38:46+00:00","mainEntityOfPage":{"@id":"https:\/\/www.mundoacuicola.cl\/new\/incar%c2%b2-participa-en-la-segunda-mesa-bentonica-de-la-region-de-nuble-realizada-en-taucu\/"},"wordCount":303,"publisher":{"@id":"https:\/\/www.mundoacuicola.cl\/new\/#organization"},"image":{"@id":"https:\/\/www.mundoacuicola.cl\/new\/incar%c2%b2-participa-en-la-segunda-mesa-bentonica-de-la-region-de-nuble-realizada-en-taucu\/#primaryimage"},"thumbnailUrl":"https:\/\/www.mundoacuicola.cl\/new\/wp-content\/uploads\/2026\/09\/MesaBentonicaNuble.jpeg","keywords":["acuicultura restaurativa","Cobquecura","Erizo","INCAR\u00b2","Mesa Bent\u00f3nica","Pesca artesanal","Piure","Regi\u00f3n de \u00d1uble","repoblamiento marino","sostenibilidad marina"],"articleSection":["Pesca"],"inLanguage":"es"},{"@type":"WebPage","@id":"https:\/\/www.mundoacuicola.cl\/new\/incar%c2%b2-participa-en-la-segunda-mesa-bentonica-de-la-region-de-nuble-realizada-en-taucu\/","url":"https:\/\/www.mundoacuicola.cl\/new\/incar%c2%b2-participa-en-la-segunda-mesa-bentonica-de-la-region-de-nuble-realizada-en-taucu\/","name":"INCAR\u00b2 participa en la Segunda Mesa Bent\u00f3nica de la Regi\u00f3n de \u00d1uble realizada en Tauc\u00fa - Mundoacuicola","isPartOf":{"@id":"https:\/\/www.mundoacuicola.cl\/new\/#website"},"primaryImageOfPage":{"@id":"https:\/\/www.mundoacuicola.cl\/new\/incar%c2%b2-participa-en-la-segunda-mesa-bentonica-de-la-region-de-nuble-realizada-en-taucu\/#primaryimage"},"image":{"@id":"https:\/\/www.mundoacuicola.cl\/new\/incar%c2%b2-participa-en-la-segunda-mesa-bentonica-de-la-region-de-nuble-realizada-en-taucu\/#primaryimage"},"thumbnailUrl":"https:\/\/www.mundoacuicola.cl\/new\/wp-content\/uploads\/2026\/09\/MesaBentonicaNuble.jpeg","datePublished":"2026-09-02T21:37:29+00:00","dateModified":"2026-09-02T21:38:46+00:00","description":"INCAR\u00b2 present\u00f3 oportunidades de repoblamiento y acuicultura restaurativa para diversificar la pesca artesanal en \u00d1uble.","breadcrumb":{"@id":"https:\/\/www.mundoacuicola.cl\/new\/incar%c2%b2-participa-en-la-segunda-mesa-bentonica-de-la-region-de-nuble-realizada-en-taucu\/#breadcrumb"},"inLanguage":"es","potentialAction":[{"@type":"ReadAction","target":["https:\/\/www.mundoacuicola.cl\/new\/incar%c2%b2-participa-en-la-segunda-mesa-bentonica-de-la-region-de-nuble-realizada-en-taucu\/"]}]},{"@type":"ImageObject","inLanguage":"es","@id":"https:\/\/www.mundoacuicola.cl\/new\/incar%c2%b2-participa-en-la-segunda-mesa-bentonica-de-la-region-de-nuble-realizada-en-taucu\/#primaryimage","url":"https:\/\/www.mundoacuicola.cl\/new\/wp-content\/uploads\/2026\/09\/MesaBentonicaNuble.jpeg","contentUrl":"https:\/\/www.mundoacuicola.cl\/new\/wp-content\/uploads\/2026\/09\/MesaBentonicaNuble.jpeg","width":1200,"height":675},{"@type":"BreadcrumbList","@id":"https:\/\/www.mundoacuicola.cl\/new\/incar%c2%b2-participa-en-la-segunda-mesa-bentonica-de-la-region-de-nuble-realizada-en-taucu\/#breadcrumb","itemListElement":[{"@type":"ListItem","position":1,"name":"Portada","item":"https:\/\/www.mundoacuicola.cl\/new\/"},{"@type":"ListItem","position":2,"name":"INCAR\u00b2 participa en la Segunda Mesa Bent\u00f3nica de la Regi\u00f3n de \u00d1uble realizada en Tauc\u00fa"}]},{"@type":"WebSite","@id":"https:\/\/www.mundoacuicola.cl\/new\/#website","url":"https:\/\/www.mundoacuicola.cl\/new\/","name":"Mundoacuicola","description":"Revista de Acuicultura.","publisher":{"@id":"https:\/\/www.mundoacuicola.cl\/new\/#organization"},"potentialAction":[{"@type":"SearchAction","target":{"@type":"EntryPoint","urlTemplate":"https:\/\/www.mundoacuicola.cl\/new\/?s={search_term_string}"},"query-input":{"@type":"PropertyValueSpecification","valueRequired":true,"valueName":"search_term_string"}}],"inLanguage":"es"},{"@type":"Organization","@id":"https:\/\/www.mundoacuicola.cl\/new\/#organization","name":"Mundoacuicola","url":"https:\/\/www.mundoacuicola.cl\/new\/","logo":{"@type":"ImageObject","inLanguage":"es","@id":"https:\/\/www.mundoacuicola.cl\/new\/#\/schema\/logo\/image\/","url":"https:\/\/www.mundoacuicola.cl\/new\/wp-content\/uploads\/2026\/01\/cropped-LOGO-Mundo-Acuicola-2026.png","contentUrl":"https:\/\/www.mundoacuicola.cl\/new\/wp-content\/uploads\/2026\/01\/cropped-LOGO-Mundo-Acuicola-2026.png","width":1252,"height":296,"caption":"Mundoacuicola"},"image":{"@id":"https:\/\/www.mundoacuicola.cl\/new\/#\/schema\/logo\/image\/"},"sameAs":["https:\/\/www.facebook.com\/mundo.acuicola\/","https:\/\/x.com\/mundoacuicola","https:\/\/www.linkedin.com\/in\/mundo-acuicola"]},{"@type":"Person","@id":"https:\/\/www.mundoacuicola.cl\/new\/#\/schema\/person\/52cfe7e461eb2d30484965350ee34bdd","name":"Ricardo Alvarez","url":"https:\/\/www.mundoacuicola.cl\/new\/author\/ricardo\/"}]}},"_links":{"self":[{"href":"https:\/\/www.mundoacuicola.cl\/new\/wp-json\/wp\/v2\/posts\/92137","targetHints":{"allow":["GET"]}}],"collection":[{"href":"https:\/\/www.mundoacuicola.cl\/new\/wp-json\/wp\/v2\/posts"}],"about":[{"href":"https:\/\/www.mundoacuicola.cl\/new\/wp-json\/wp\/v2\/types\/post"}],"author":[{"embeddable":true,"href":"https:\/\/www.mundoacuicola.cl\/new\/wp-json\/wp\/v2\/users\/8"}],"replies":[{"embeddable":true,"href":"https:\/\/www.mundoacuicola.cl\/new\/wp-json\/wp\/v2\/comments?post=92137"}],"version-history":[{"count":1,"href":"https:\/\/www.mundoacuicola.cl\/new\/wp-json\/wp\/v2\/posts\/92137\/revisions"}],"predecessor-version":[{"id":92141,"href":"https:\/\/www.mundoacuicola.cl\/new\/wp-json\/wp\/v2\/posts\/92137\/revisions\/92141"}],"wp:featuredmedia":[{"embeddable":true,"href":"https:\/\/www.mundoacuicola.cl\/new\/wp-json\/wp\/v2\/media\/92142"}],"wp:attachment":[{"href":"https:\/\/www.mundoacuicola.cl\/new\/wp-json\/wp\/v2\/media?parent=92137"}],"wp:term":[{"taxonomy":"category","embeddable":true,"href":"https:\/\/www.mundoacuicola.cl\/new\/wp-json\/wp\/v2\/categories?post=92137"},{"taxonomy":"post_tag","embeddable":true,"href":"https:\/\/www.mundoacuicola.cl\/new\/wp-json\/wp\/v2\/tags?post=92137"}],"curies":[{"name":"wp","href":"https:\/\/api.w.org\/{rel}","templated":true}]}}