{"id":92147,"date":"2026-09-03T11:13:27","date_gmt":"2026-09-03T15:13:27","guid":{"rendered":"https:\/\/www.mundoacuicola.cl\/new\/?p=92147"},"modified":"2026-09-03T11:17:16","modified_gmt":"2026-09-03T15:17:16","slug":"emanuel-ibarra-asume-como-superintendente-del-medio-ambiente-y-fija-prioridades-para-la-sma","status":"publish","type":"post","link":"https:\/\/www.mundoacuicola.cl\/new\/emanuel-ibarra-asume-como-superintendente-del-medio-ambiente-y-fija-prioridades-para-la-sma\/","title":{"rendered":"Emanuel Ibarra asume como Superintendente del Medio Ambiente y fija prioridades para la SMA"},"content":{"rendered":"<div class=\"post-content\">\n<p>En el marco del inicio de sus funciones como Superintendente del Medio Ambiente, Emanuel Ibarra despleg\u00f3 una agenda de actividades en Santiago y Valpara\u00edso orientada a la coordinaci\u00f3n institucional y al seguimiento del proyecto de ley que reforma la Ley Org\u00e1nica de la Superintendencia del Medio Ambiente (LOSMA) y que se discute hoy en el Congreso.<\/p>\n<p>La jornada comenz\u00f3 en el Ministerio del Medio Ambiente (MMA) con el saludo protocolar a la Ministra del Medio Ambiente, Francisca Toledo, y al Subsecretario, Jos\u00e9 Vial. En la reuni\u00f3n se abordaron las l\u00edneas de trabajo y la coordinaci\u00f3n entre ambas instituciones para el cumplimiento de la normativa ambiental.<\/p>\n<p>Posteriormente, el Superintendente Ibarra se traslad\u00f3 a la sede central de la SMA, donde sostuvo una reuni\u00f3n virtual con las y los funcionarios del organismo a nivel nacional. En el encuentro expuso las prioridades de su gesti\u00f3n.<\/p>\n<p><em>\u201cEl principal valor de la Superintendencia est\u00e1 en las personas que la integran. Hoy comenzamos una nueva etapa, en la que queremos fortalecer ese trabajo y avanzar hacia una SMA m\u00e1s oportuna y eficiente en sus respuestas, con una fiscalizaci\u00f3n estrat\u00e9gica orientada al cumplimiento ambiental y cada vez m\u00e1s conectada con las necesidades de los territorios. Tenemos grandes desaf\u00edos por delante y estoy convencido de que podemos llevar a la Superintendencia a un nuevo nivel de desarrollo institucional\u201d<\/em>, destac\u00f3 la autoridad durante el encuentro.<\/p>\n<h3><strong>Asistencia a la Comisi\u00f3n de Medio Ambiente del Senado<\/strong><\/h3>\n<p>Luego, la autoridad se traslad\u00f3 al Congreso Nacional en la ciudad de Valpara\u00edso para asistir a la Comisi\u00f3n de Medio Ambiente y Bienes Nacionales del Senado. En la sesi\u00f3n se trataron las indicaciones del proyecto de ley que modifica la Ley Org\u00e1nica de la Superintendencia del Medio Ambiente (LOSMA), el cual busca fortalecer las facultades de fiscalizaci\u00f3n y sanci\u00f3n del organismo.<\/p>\n<p><em>\u201cAsumimos este cargo con el compromiso de velar por el cumplimiento de la normativa ambiental. La coordinaci\u00f3n con el Ministerio del Medio Ambiente y el avance del proyecto de ley de la LOSMA son aspectos centrales para el trabajo de la instituci\u00f3n\u201d<\/em>, se\u00f1al\u00f3 el Superintendente Ibarra.<\/p>\n<h3><strong>Coordinaciones Internas<\/strong><\/h3>\n<p>Durante la tarde, la agenda continu\u00f3 en el Nivel Central de la instituci\u00f3n con reuniones de trabajo junto a diferentes jefaturas, adem\u00e1s de concretar la reuni\u00f3n de traspaso de gesti\u00f3n con la administraci\u00f3n que estuvo subrogando desde marzo hasta la fecha, previo a su nombramiento. Asimismo, el jefe del Servicio se reuni\u00f3 con la directiva de la Asociaci\u00f3n de Funcionarios de la SMA (ASUMA) para conocer los ejes rectores que guiar\u00e1n la gesti\u00f3n gremial 2026-2027 reci\u00e9n asumida, as\u00ed como tambi\u00e9n para transmitir los principales desaf\u00edos institucionales.<\/p>\n<\/div>\n","protected":false},"excerpt":{"rendered":"<p>La nueva autoridad inici\u00f3 su gesti\u00f3n con reuniones en el Ministerio del Medio Ambiente y la SMA, y particip\u00f3 en el Senado de la discusi\u00f3n del proyecto que busca fortalecer las facultades de fiscalizaci\u00f3n y sanci\u00f3n del organismo.<\/p>\n","protected":false},"author":10,"featured_media":92148,"comment_status":"closed","ping_status":"closed","sticky":false,"template":"","format":"standard","meta":{"footnotes":""},"categories":[404],"tags":[454,13427,20824,18865,28857,30328,9536,1304,653,1126,20667,883,993,9635],"class_list":["post-92147","post","type-post","status-publish","format-standard","has-post-thumbnail","hentry","category-titular-2","tag-comision-de-medio-ambiente","tag-congreso-nacional","tag-cumplimiento-ambiental","tag-fiscalizacion-ambiental","tag-institucionalidad-ambiental","tag-ley-organica-de-la-sma","tag-losma","tag-medio-ambiente","tag-ministerio-del-medio-ambiente","tag-normativa-ambiental","tag-regulacion-ambiental","tag-senado","tag-sma","tag-superintendencia-del-medio-ambiente"],"yoast_head":"<!-- This site is optimized with the Yoast SEO plugin v28.3 - https:\/\/yoast.com\/product\/yoast-seo-wordpress\/ -->\n<title>Emanuel Ibarra asume como Superintendente del Medio Ambiente y fija prioridades para la SMA - Mundoacuicola<\/title>\n<meta name=\"description\" content=\"Emanuel Ibarra asumi\u00f3 como Superintendente del Medio Ambiente y abord\u00f3 las prioridades de la SMA y la reforma a su ley org\u00e1nica.\" \/>\n<meta name=\"robots\" content=\"index, follow, max-snippet:-1, max-image-preview:large, max-video-preview:-1\" \/>\n<link rel=\"canonical\" href=\"https:\/\/www.mundoacuicola.cl\/new\/emanuel-ibarra-asume-como-superintendente-del-medio-ambiente-y-fija-prioridades-para-la-sma\/\" \/>\n<meta property=\"og:locale\" content=\"es_ES\" \/>\n<meta property=\"og:type\" content=\"article\" \/>\n<meta property=\"og:title\" content=\"Emanuel Ibarra asume como Superintendente del Medio Ambiente y fija prioridades para la SMA - Mundoacuicola\" \/>\n<meta property=\"og:description\" content=\"Emanuel Ibarra asumi\u00f3 como Superintendente del Medio Ambiente y abord\u00f3 las prioridades de la SMA y la reforma a su ley org\u00e1nica.\" \/>\n<meta property=\"og:url\" content=\"https:\/\/www.mundoacuicola.cl\/new\/emanuel-ibarra-asume-como-superintendente-del-medio-ambiente-y-fija-prioridades-para-la-sma\/\" \/>\n<meta property=\"og:site_name\" content=\"Mundoacuicola\" \/>\n<meta property=\"article:publisher\" content=\"https:\/\/www.facebook.com\/mundo.acuicola\/\" \/>\n<meta property=\"article:published_time\" content=\"2026-09-03T15:13:27+00:00\" \/>\n<meta property=\"article:modified_time\" content=\"2026-09-03T15:17:16+00:00\" \/>\n<meta property=\"og:image\" content=\"https:\/\/www.mundoacuicola.cl\/new\/wp-content\/uploads\/2026\/09\/Emanuel-Ibarra-asume-como-Superintendente-del-Medio-Ambiente-y-fija-prioridades-para-la-SMA.jpg\" \/>\n\t<meta property=\"og:image:width\" content=\"1200\" \/>\n\t<meta property=\"og:image:height\" content=\"700\" \/>\n\t<meta property=\"og:image:type\" content=\"image\/jpeg\" \/>\n<meta name=\"author\" content=\"mbarrueto\" \/>\n<meta name=\"twitter:card\" content=\"summary_large_image\" \/>\n<meta name=\"twitter:creator\" content=\"@mundoacuicola\" \/>\n<meta name=\"twitter:site\" content=\"@mundoacuicola\" \/>\n<meta name=\"twitter:label1\" content=\"Escrito por\" \/>\n\t<meta name=\"twitter:data1\" content=\"mbarrueto\" \/>\n\t<meta name=\"twitter:label2\" content=\"Tiempo de lectura\" \/>\n\t<meta name=\"twitter:data2\" content=\"3 minutos\" \/>\n<script type=\"application\/ld+json\" class=\"yoast-schema-graph\">{\"@context\":\"https:\\\/\\\/schema.org\",\"@graph\":[{\"@type\":\"Article\",\"@id\":\"https:\\\/\\\/www.mundoacuicola.cl\\\/new\\\/emanuel-ibarra-asume-como-superintendente-del-medio-ambiente-y-fija-prioridades-para-la-sma\\\/#article\",\"isPartOf\":{\"@id\":\"https:\\\/\\\/www.mundoacuicola.cl\\\/new\\\/emanuel-ibarra-asume-como-superintendente-del-medio-ambiente-y-fija-prioridades-para-la-sma\\\/\"},\"author\":{\"name\":\"mbarrueto\",\"@id\":\"https:\\\/\\\/www.mundoacuicola.cl\\\/new\\\/#\\\/schema\\\/person\\\/c00ffe389abb88bd9254653add139315\"},\"headline\":\"Emanuel Ibarra asume como Superintendente del Medio Ambiente y fija prioridades para la SMA\",\"datePublished\":\"2026-09-03T15:13:27+00:00\",\"dateModified\":\"2026-09-03T15:17:16+00:00\",\"mainEntityOfPage\":{\"@id\":\"https:\\\/\\\/www.mundoacuicola.cl\\\/new\\\/emanuel-ibarra-asume-como-superintendente-del-medio-ambiente-y-fija-prioridades-para-la-sma\\\/\"},\"wordCount\":478,\"publisher\":{\"@id\":\"https:\\\/\\\/www.mundoacuicola.cl\\\/new\\\/#organization\"},\"image\":{\"@id\":\"https:\\\/\\\/www.mundoacuicola.cl\\\/new\\\/emanuel-ibarra-asume-como-superintendente-del-medio-ambiente-y-fija-prioridades-para-la-sma\\\/#primaryimage\"},\"thumbnailUrl\":\"https:\\\/\\\/www.mundoacuicola.cl\\\/new\\\/wp-content\\\/uploads\\\/2026\\\/09\\\/Emanuel-Ibarra-asume-como-Superintendente-del-Medio-Ambiente-y-fija-prioridades-para-la-SMA.jpg\",\"keywords\":[\"Comisi\u00f3n de Medio Ambiente\",\"Congreso Nacional\",\"cumplimiento ambiental\",\"fiscalizaci\u00f3n ambiental\",\"institucionalidad ambiental\",\"Ley Org\u00e1nica de la SMA\",\"LOSMA\",\"Medio Ambiente\",\"Ministerio del Medio Ambiente\",\"Normativa ambiental\",\"Regulaci\u00f3n ambiental\",\"Senado\",\"SMA\",\"Superintendencia del Medio Ambiente\"],\"articleSection\":[\"Titular 2\"],\"inLanguage\":\"es\"},{\"@type\":\"WebPage\",\"@id\":\"https:\\\/\\\/www.mundoacuicola.cl\\\/new\\\/emanuel-ibarra-asume-como-superintendente-del-medio-ambiente-y-fija-prioridades-para-la-sma\\\/\",\"url\":\"https:\\\/\\\/www.mundoacuicola.cl\\\/new\\\/emanuel-ibarra-asume-como-superintendente-del-medio-ambiente-y-fija-prioridades-para-la-sma\\\/\",\"name\":\"Emanuel Ibarra asume como Superintendente del Medio Ambiente y fija prioridades para la SMA - Mundoacuicola\",\"isPartOf\":{\"@id\":\"https:\\\/\\\/www.mundoacuicola.cl\\\/new\\\/#website\"},\"primaryImageOfPage\":{\"@id\":\"https:\\\/\\\/www.mundoacuicola.cl\\\/new\\\/emanuel-ibarra-asume-como-superintendente-del-medio-ambiente-y-fija-prioridades-para-la-sma\\\/#primaryimage\"},\"image\":{\"@id\":\"https:\\\/\\\/www.mundoacuicola.cl\\\/new\\\/emanuel-ibarra-asume-como-superintendente-del-medio-ambiente-y-fija-prioridades-para-la-sma\\\/#primaryimage\"},\"thumbnailUrl\":\"https:\\\/\\\/www.mundoacuicola.cl\\\/new\\\/wp-content\\\/uploads\\\/2026\\\/09\\\/Emanuel-Ibarra-asume-como-Superintendente-del-Medio-Ambiente-y-fija-prioridades-para-la-SMA.jpg\",\"datePublished\":\"2026-09-03T15:13:27+00:00\",\"dateModified\":\"2026-09-03T15:17:16+00:00\",\"description\":\"Emanuel Ibarra asumi\u00f3 como Superintendente del Medio Ambiente y abord\u00f3 las prioridades de la SMA y la reforma a su ley org\u00e1nica.\",\"breadcrumb\":{\"@id\":\"https:\\\/\\\/www.mundoacuicola.cl\\\/new\\\/emanuel-ibarra-asume-como-superintendente-del-medio-ambiente-y-fija-prioridades-para-la-sma\\\/#breadcrumb\"},\"inLanguage\":\"es\",\"potentialAction\":[{\"@type\":\"ReadAction\",\"target\":[\"https:\\\/\\\/www.mundoacuicola.cl\\\/new\\\/emanuel-ibarra-asume-como-superintendente-del-medio-ambiente-y-fija-prioridades-para-la-sma\\\/\"]}]},{\"@type\":\"ImageObject\",\"inLanguage\":\"es\",\"@id\":\"https:\\\/\\\/www.mundoacuicola.cl\\\/new\\\/emanuel-ibarra-asume-como-superintendente-del-medio-ambiente-y-fija-prioridades-para-la-sma\\\/#primaryimage\",\"url\":\"https:\\\/\\\/www.mundoacuicola.cl\\\/new\\\/wp-content\\\/uploads\\\/2026\\\/09\\\/Emanuel-Ibarra-asume-como-Superintendente-del-Medio-Ambiente-y-fija-prioridades-para-la-SMA.jpg\",\"contentUrl\":\"https:\\\/\\\/www.mundoacuicola.cl\\\/new\\\/wp-content\\\/uploads\\\/2026\\\/09\\\/Emanuel-Ibarra-asume-como-Superintendente-del-Medio-Ambiente-y-fija-prioridades-para-la-SMA.jpg\",\"width\":1200,\"height\":700},{\"@type\":\"BreadcrumbList\",\"@id\":\"https:\\\/\\\/www.mundoacuicola.cl\\\/new\\\/emanuel-ibarra-asume-como-superintendente-del-medio-ambiente-y-fija-prioridades-para-la-sma\\\/#breadcrumb\",\"itemListElement\":[{\"@type\":\"ListItem\",\"position\":1,\"name\":\"Portada\",\"item\":\"https:\\\/\\\/www.mundoacuicola.cl\\\/new\\\/\"},{\"@type\":\"ListItem\",\"position\":2,\"name\":\"Emanuel Ibarra asume como Superintendente del Medio Ambiente y fija prioridades para la SMA\"}]},{\"@type\":\"WebSite\",\"@id\":\"https:\\\/\\\/www.mundoacuicola.cl\\\/new\\\/#website\",\"url\":\"https:\\\/\\\/www.mundoacuicola.cl\\\/new\\\/\",\"name\":\"Mundoacuicola\",\"description\":\"Revista de Acuicultura.\",\"publisher\":{\"@id\":\"https:\\\/\\\/www.mundoacuicola.cl\\\/new\\\/#organization\"},\"potentialAction\":[{\"@type\":\"SearchAction\",\"target\":{\"@type\":\"EntryPoint\",\"urlTemplate\":\"https:\\\/\\\/www.mundoacuicola.cl\\\/new\\\/?s={search_term_string}\"},\"query-input\":{\"@type\":\"PropertyValueSpecification\",\"valueRequired\":true,\"valueName\":\"search_term_string\"}}],\"inLanguage\":\"es\"},{\"@type\":\"Organization\",\"@id\":\"https:\\\/\\\/www.mundoacuicola.cl\\\/new\\\/#organization\",\"name\":\"Mundoacuicola\",\"url\":\"https:\\\/\\\/www.mundoacuicola.cl\\\/new\\\/\",\"logo\":{\"@type\":\"ImageObject\",\"inLanguage\":\"es\",\"@id\":\"https:\\\/\\\/www.mundoacuicola.cl\\\/new\\\/#\\\/schema\\\/logo\\\/image\\\/\",\"url\":\"https:\\\/\\\/www.mundoacuicola.cl\\\/new\\\/wp-content\\\/uploads\\\/2026\\\/01\\\/cropped-LOGO-Mundo-Acuicola-2026.png\",\"contentUrl\":\"https:\\\/\\\/www.mundoacuicola.cl\\\/new\\\/wp-content\\\/uploads\\\/2026\\\/01\\\/cropped-LOGO-Mundo-Acuicola-2026.png\",\"width\":1252,\"height\":296,\"caption\":\"Mundoacuicola\"},\"image\":{\"@id\":\"https:\\\/\\\/www.mundoacuicola.cl\\\/new\\\/#\\\/schema\\\/logo\\\/image\\\/\"},\"sameAs\":[\"https:\\\/\\\/www.facebook.com\\\/mundo.acuicola\\\/\",\"https:\\\/\\\/x.com\\\/mundoacuicola\",\"https:\\\/\\\/www.linkedin.com\\\/in\\\/mundo-acuicola\"]},{\"@type\":\"Person\",\"@id\":\"https:\\\/\\\/www.mundoacuicola.cl\\\/new\\\/#\\\/schema\\\/person\\\/c00ffe389abb88bd9254653add139315\",\"name\":\"mbarrueto\",\"url\":\"https:\\\/\\\/www.mundoacuicola.cl\\\/new\\\/author\\\/mbarrueto\\\/\"}]}<\/script>\n<!-- \/ Yoast SEO plugin. -->","yoast_head_json":{"title":"Emanuel Ibarra asume como Superintendente del Medio Ambiente y fija prioridades para la SMA - Mundoacuicola","description":"Emanuel Ibarra asumi\u00f3 como Superintendente del Medio Ambiente y abord\u00f3 las prioridades de la SMA y la reforma a su ley org\u00e1nica.","robots":{"index":"index","follow":"follow","max-snippet":"max-snippet:-1","max-image-preview":"max-image-preview:large","max-video-preview":"max-video-preview:-1"},"canonical":"https:\/\/www.mundoacuicola.cl\/new\/emanuel-ibarra-asume-como-superintendente-del-medio-ambiente-y-fija-prioridades-para-la-sma\/","og_locale":"es_ES","og_type":"article","og_title":"Emanuel Ibarra asume como Superintendente del Medio Ambiente y fija prioridades para la SMA - Mundoacuicola","og_description":"Emanuel Ibarra asumi\u00f3 como Superintendente del Medio Ambiente y abord\u00f3 las prioridades de la SMA y la reforma a su ley org\u00e1nica.","og_url":"https:\/\/www.mundoacuicola.cl\/new\/emanuel-ibarra-asume-como-superintendente-del-medio-ambiente-y-fija-prioridades-para-la-sma\/","og_site_name":"Mundoacuicola","article_publisher":"https:\/\/www.facebook.com\/mundo.acuicola\/","article_published_time":"2026-09-03T15:13:27+00:00","article_modified_time":"2026-09-03T15:17:16+00:00","og_image":[{"width":1200,"height":700,"url":"https:\/\/www.mundoacuicola.cl\/new\/wp-content\/uploads\/2026\/09\/Emanuel-Ibarra-asume-como-Superintendente-del-Medio-Ambiente-y-fija-prioridades-para-la-SMA.jpg","type":"image\/jpeg"}],"author":"mbarrueto","twitter_card":"summary_large_image","twitter_creator":"@mundoacuicola","twitter_site":"@mundoacuicola","twitter_misc":{"Escrito por":"mbarrueto","Tiempo de lectura":"3 minutos"},"schema":{"@context":"https:\/\/schema.org","@graph":[{"@type":"Article","@id":"https:\/\/www.mundoacuicola.cl\/new\/emanuel-ibarra-asume-como-superintendente-del-medio-ambiente-y-fija-prioridades-para-la-sma\/#article","isPartOf":{"@id":"https:\/\/www.mundoacuicola.cl\/new\/emanuel-ibarra-asume-como-superintendente-del-medio-ambiente-y-fija-prioridades-para-la-sma\/"},"author":{"name":"mbarrueto","@id":"https:\/\/www.mundoacuicola.cl\/new\/#\/schema\/person\/c00ffe389abb88bd9254653add139315"},"headline":"Emanuel Ibarra asume como Superintendente del Medio Ambiente y fija prioridades para la SMA","datePublished":"2026-09-03T15:13:27+00:00","dateModified":"2026-09-03T15:17:16+00:00","mainEntityOfPage":{"@id":"https:\/\/www.mundoacuicola.cl\/new\/emanuel-ibarra-asume-como-superintendente-del-medio-ambiente-y-fija-prioridades-para-la-sma\/"},"wordCount":478,"publisher":{"@id":"https:\/\/www.mundoacuicola.cl\/new\/#organization"},"image":{"@id":"https:\/\/www.mundoacuicola.cl\/new\/emanuel-ibarra-asume-como-superintendente-del-medio-ambiente-y-fija-prioridades-para-la-sma\/#primaryimage"},"thumbnailUrl":"https:\/\/www.mundoacuicola.cl\/new\/wp-content\/uploads\/2026\/09\/Emanuel-Ibarra-asume-como-Superintendente-del-Medio-Ambiente-y-fija-prioridades-para-la-SMA.jpg","keywords":["Comisi\u00f3n de Medio Ambiente","Congreso Nacional","cumplimiento ambiental","fiscalizaci\u00f3n ambiental","institucionalidad ambiental","Ley Org\u00e1nica de la SMA","LOSMA","Medio Ambiente","Ministerio del Medio Ambiente","Normativa ambiental","Regulaci\u00f3n ambiental","Senado","SMA","Superintendencia del Medio Ambiente"],"articleSection":["Titular 2"],"inLanguage":"es"},{"@type":"WebPage","@id":"https:\/\/www.mundoacuicola.cl\/new\/emanuel-ibarra-asume-como-superintendente-del-medio-ambiente-y-fija-prioridades-para-la-sma\/","url":"https:\/\/www.mundoacuicola.cl\/new\/emanuel-ibarra-asume-como-superintendente-del-medio-ambiente-y-fija-prioridades-para-la-sma\/","name":"Emanuel Ibarra asume como Superintendente del Medio Ambiente y fija prioridades para la SMA - Mundoacuicola","isPartOf":{"@id":"https:\/\/www.mundoacuicola.cl\/new\/#website"},"primaryImageOfPage":{"@id":"https:\/\/www.mundoacuicola.cl\/new\/emanuel-ibarra-asume-como-superintendente-del-medio-ambiente-y-fija-prioridades-para-la-sma\/#primaryimage"},"image":{"@id":"https:\/\/www.mundoacuicola.cl\/new\/emanuel-ibarra-asume-como-superintendente-del-medio-ambiente-y-fija-prioridades-para-la-sma\/#primaryimage"},"thumbnailUrl":"https:\/\/www.mundoacuicola.cl\/new\/wp-content\/uploads\/2026\/09\/Emanuel-Ibarra-asume-como-Superintendente-del-Medio-Ambiente-y-fija-prioridades-para-la-SMA.jpg","datePublished":"2026-09-03T15:13:27+00:00","dateModified":"2026-09-03T15:17:16+00:00","description":"Emanuel Ibarra asumi\u00f3 como Superintendente del Medio Ambiente y abord\u00f3 las prioridades de la SMA y la reforma a su ley org\u00e1nica.","breadcrumb":{"@id":"https:\/\/www.mundoacuicola.cl\/new\/emanuel-ibarra-asume-como-superintendente-del-medio-ambiente-y-fija-prioridades-para-la-sma\/#breadcrumb"},"inLanguage":"es","potentialAction":[{"@type":"ReadAction","target":["https:\/\/www.mundoacuicola.cl\/new\/emanuel-ibarra-asume-como-superintendente-del-medio-ambiente-y-fija-prioridades-para-la-sma\/"]}]},{"@type":"ImageObject","inLanguage":"es","@id":"https:\/\/www.mundoacuicola.cl\/new\/emanuel-ibarra-asume-como-superintendente-del-medio-ambiente-y-fija-prioridades-para-la-sma\/#primaryimage","url":"https:\/\/www.mundoacuicola.cl\/new\/wp-content\/uploads\/2026\/09\/Emanuel-Ibarra-asume-como-Superintendente-del-Medio-Ambiente-y-fija-prioridades-para-la-SMA.jpg","contentUrl":"https:\/\/www.mundoacuicola.cl\/new\/wp-content\/uploads\/2026\/09\/Emanuel-Ibarra-asume-como-Superintendente-del-Medio-Ambiente-y-fija-prioridades-para-la-SMA.jpg","width":1200,"height":700},{"@type":"BreadcrumbList","@id":"https:\/\/www.mundoacuicola.cl\/new\/emanuel-ibarra-asume-como-superintendente-del-medio-ambiente-y-fija-prioridades-para-la-sma\/#breadcrumb","itemListElement":[{"@type":"ListItem","position":1,"name":"Portada","item":"https:\/\/www.mundoacuicola.cl\/new\/"},{"@type":"ListItem","position":2,"name":"Emanuel Ibarra asume como Superintendente del Medio Ambiente y fija prioridades para la SMA"}]},{"@type":"WebSite","@id":"https:\/\/www.mundoacuicola.cl\/new\/#website","url":"https:\/\/www.mundoacuicola.cl\/new\/","name":"Mundoacuicola","description":"Revista de Acuicultura.","publisher":{"@id":"https:\/\/www.mundoacuicola.cl\/new\/#organization"},"potentialAction":[{"@type":"SearchAction","target":{"@type":"EntryPoint","urlTemplate":"https:\/\/www.mundoacuicola.cl\/new\/?s={search_term_string}"},"query-input":{"@type":"PropertyValueSpecification","valueRequired":true,"valueName":"search_term_string"}}],"inLanguage":"es"},{"@type":"Organization","@id":"https:\/\/www.mundoacuicola.cl\/new\/#organization","name":"Mundoacuicola","url":"https:\/\/www.mundoacuicola.cl\/new\/","logo":{"@type":"ImageObject","inLanguage":"es","@id":"https:\/\/www.mundoacuicola.cl\/new\/#\/schema\/logo\/image\/","url":"https:\/\/www.mundoacuicola.cl\/new\/wp-content\/uploads\/2026\/01\/cropped-LOGO-Mundo-Acuicola-2026.png","contentUrl":"https:\/\/www.mundoacuicola.cl\/new\/wp-content\/uploads\/2026\/01\/cropped-LOGO-Mundo-Acuicola-2026.png","width":1252,"height":296,"caption":"Mundoacuicola"},"image":{"@id":"https:\/\/www.mundoacuicola.cl\/new\/#\/schema\/logo\/image\/"},"sameAs":["https:\/\/www.facebook.com\/mundo.acuicola\/","https:\/\/x.com\/mundoacuicola","https:\/\/www.linkedin.com\/in\/mundo-acuicola"]},{"@type":"Person","@id":"https:\/\/www.mundoacuicola.cl\/new\/#\/schema\/person\/c00ffe389abb88bd9254653add139315","name":"mbarrueto","url":"https:\/\/www.mundoacuicola.cl\/new\/author\/mbarrueto\/"}]}},"_links":{"self":[{"href":"https:\/\/www.mundoacuicola.cl\/new\/wp-json\/wp\/v2\/posts\/92147","targetHints":{"allow":["GET"]}}],"collection":[{"href":"https:\/\/www.mundoacuicola.cl\/new\/wp-json\/wp\/v2\/posts"}],"about":[{"href":"https:\/\/www.mundoacuicola.cl\/new\/wp-json\/wp\/v2\/types\/post"}],"author":[{"embeddable":true,"href":"https:\/\/www.mundoacuicola.cl\/new\/wp-json\/wp\/v2\/users\/10"}],"replies":[{"embeddable":true,"href":"https:\/\/www.mundoacuicola.cl\/new\/wp-json\/wp\/v2\/comments?post=92147"}],"version-history":[{"count":1,"href":"https:\/\/www.mundoacuicola.cl\/new\/wp-json\/wp\/v2\/posts\/92147\/revisions"}],"predecessor-version":[{"id":92149,"href":"https:\/\/www.mundoacuicola.cl\/new\/wp-json\/wp\/v2\/posts\/92147\/revisions\/92149"}],"wp:featuredmedia":[{"embeddable":true,"href":"https:\/\/www.mundoacuicola.cl\/new\/wp-json\/wp\/v2\/media\/92148"}],"wp:attachment":[{"href":"https:\/\/www.mundoacuicola.cl\/new\/wp-json\/wp\/v2\/media?parent=92147"}],"wp:term":[{"taxonomy":"category","embeddable":true,"href":"https:\/\/www.mundoacuicola.cl\/new\/wp-json\/wp\/v2\/categories?post=92147"},{"taxonomy":"post_tag","embeddable":true,"href":"https:\/\/www.mundoacuicola.cl\/new\/wp-json\/wp\/v2\/tags?post=92147"}],"curies":[{"name":"wp","href":"https:\/\/api.w.org\/{rel}","templated":true}]}}