{"id":92161,"date":"2026-09-03T15:24:57","date_gmt":"2026-09-03T19:24:57","guid":{"rendered":"https:\/\/www.mundoacuicola.cl\/new\/?p=92161"},"modified":"2026-09-03T15:24:57","modified_gmt":"2026-09-03T19:24:57","slug":"salmonchile-llega-a-masterchef-chile-para-posicionar-el-salmon-en-horario-prime","status":"publish","type":"post","link":"https:\/\/www.mundoacuicola.cl\/new\/salmonchile-llega-a-masterchef-chile-para-posicionar-el-salmon-en-horario-prime\/","title":{"rendered":"SalmonChile llega a MasterChef Chile para posicionar el salm\u00f3n en horario prime"},"content":{"rendered":"<p><span style=\"font-weight: 400;\">SalmonChile participar\u00e1 por primera vez en el regreso de MasterChef Chile a partir de octubre, con 89 emisiones conducidas por Mar\u00eda Luisa Godoy y evaluadas por los chefs Yann Yvin, Fernanda Fuentes y Juan Manuel Pena Passaro. A lo largo de la temporada, el salm\u00f3n austral estar\u00e1 en los desaf\u00edos culinarios, tips y pruebas r\u00e1pidas, desde preparaciones cotidianas hasta alta cocina, mostrando el rigor gastron\u00f3mico de una prote\u00edna que alimenta mesas exigentes en todo el mundo.<\/span><\/p>\n<p><span style=\"font-weight: 400;\">La presencia de SalmonChile en el programa refuerza el orgullo de las m\u00e1s de 86.000 familias que d\u00eda a d\u00eda empujan esta industria en el sur de Chile, visibilizando el trabajo del territorio Austral de B\u00edo B\u00edo a Magallanes. Adem\u00e1s, pone sobre la mesa la gran oportunidad que tiene nuestro pa\u00eds para abordar un doble desaf\u00edo de reducir nuestra huella de carbono mientras alimentamos a una poblaci\u00f3n creciente. El salm\u00f3n, con sus altas cualidades nutricionales y su baja huella de carbono, responde directamente a estos objetivos, posicionando a Chile como l\u00edder en la econom\u00eda azul del futuro.<\/span><\/p>\n<p><span style=\"font-weight: 400;\">El presidente de SalmonChile, Patricio Melero, subray\u00f3 el impacto de esta iniciativa. \u201cEstar en la pantalla m\u00e1s masiva del pa\u00eds nos llena de orgullo porque nos permite visibilizar el esfuerzo diario de m\u00e1s de 86 mil familias del sur austral. Queremos que cada hogar chileno reconozca en el salm\u00f3n un producto de clase mundial nacido en nuestro territorio, que nos representa con excelencia, sostenibilidad y rigor gastron\u00f3mico en las cocinas m\u00e1s exigentes del planeta\u201d, asegur\u00f3.<\/span><\/p>\n<p><span style=\"font-weight: 400;\">El gerente general de SalmonChile, Tom\u00e1s Monge, destac\u00f3 la relevancia estrat\u00e9gica de esta alianza televisiva. \u201cLlegar al horario prime nos ofrece una oportunidad \u00fanica para acercar el salm\u00f3n a la mesa de todos los chilenos, demostrando su enorme versatilidad y valor nutricional, adem\u00e1s de su rol clave en la econom\u00eda azul. Con MasterChef mostraremos que este motor productivo del sur de Chile combina la m\u00e1s alta calidad gastron\u00f3mica con una de las huellas de carbono m\u00e1s bajas de la industria alimentaria global\u201d, se\u00f1al\u00f3.<\/span><\/p>\n<h3><b>Salm\u00f3n de clase mundial en horario prime<\/b><\/h3>\n<p><span style=\"font-weight: 400;\">A partir de octubre, los chilenos ver\u00e1n en MasterChef a cocineros de rigor preparando salm\u00f3n chileno en desaf\u00edos de verdad, mostrando lo mejor de sus cualidades gastron\u00f3micas y nutritivas en horario prime. SalmonChile trae esa realidad a la pantalla m\u00e1s masiva del pa\u00eds para que el sur austral sea reconocido finalmente como la potencia gastron\u00f3mica y productiva que es s\u00edmbolo de orgullo nacional.<\/span><\/p>\n<p><span style=\"font-weight: 400;\">El gerente comercial de TVN, Sebasti\u00e1n S\u00e1nchez, valor\u00f3 el trabajo conjunto entre el canal y el gremio. \u201cMuy contentos de tener a SalmonChile aqu\u00ed en MasterChef. La verdad es que es un trabajo que venimos conversando hace tres meses y medio, donde tuvimos esta idea de vincular el salm\u00f3n, una prote\u00edna tan importante, y tan metida dentro de la idiosincrasia chilena, un producto que le da valor a nuestro pa\u00eds, de que estuviera en la cocina de Masterchef, y hoy d\u00eda galardonamos eso en este lanzamiento donde el salm\u00f3n se hace presente, y SalmonChile se hace presente, en la cocina de MasterChef, la cocina m\u00e1s importante del mundo\u201d, puntualiz\u00f3.<\/span><\/p>\n<p><span style=\"font-weight: 400;\">\u201cEstamos muy satisfechos, adem\u00e1s, de haber contribuido a poner una plataforma donde SalmonChile tambi\u00e9n pueda mostrar lo que es. Y yo creo que vamos a tener en el desarrollo del programa la posibilidad de ver el salm\u00f3n en su plenitud, desde que sale desde el mar a las cocinas de MasterChef, y c\u00f3mo nuestros participantes van a trabajar con ese elemento tan relevante para Chile. Estamos felices de tener a SalmonChile, ojal\u00e1 que este v\u00ednculo sea fruct\u00edfero para ambos, y nos traiga mucho r\u00e9dito en lo que viene\u201d, agreg\u00f3 S\u00e1nchez.<\/span><\/p>\n","protected":false},"excerpt":{"rendered":"<p>El gremio participar\u00e1 desde octubre en la nueva temporada del programa, donde el salm\u00f3n chileno estar\u00e1 presente en desaf\u00edos culinarios, preparaciones y contenidos destinados a mostrar su versatilidad, atributos nutricionales y relevancia productiva.<\/p>\n","protected":false},"author":10,"featured_media":92162,"comment_status":"closed","ping_status":"closed","sticky":false,"template":"","format":"standard","meta":{"footnotes":""},"categories":[398],"tags":[3117,5953,3203,290,1313,4022,30330,30329,29105,2273,170,197,3447,274,5062],"class_list":["post-92161","post","type-post","status-publish","format-standard","has-post-thumbnail","hentry","category-titular","tag-alimentacion","tag-consumo-de-salmon","tag-economia-azul","tag-exportaciones-chilenas","tag-gastronomia","tag-industria-del-salmon","tag-maria-luisa-godoy","tag-masterchef-chile","tag-patricio-melero","tag-salmon-chileno","tag-salmonchile","tag-salmonicultura","tag-salmonicultura-chilena","tag-tomas-monge","tag-tvn"],"yoast_head":"<!-- This site is optimized with the Yoast SEO plugin v28.3 - https:\/\/yoast.com\/product\/yoast-seo-wordpress\/ -->\n<title>SalmonChile llega a MasterChef Chile para posicionar el salm\u00f3n en horario prime - Mundoacuicola<\/title>\n<meta name=\"description\" content=\"SalmonChile llegar\u00e1 a MasterChef Chile desde octubre para acercar el salm\u00f3n nacional a los hogares y mostrar su versatilidad gastron\u00f3mica.\" \/>\n<meta name=\"robots\" content=\"index, follow, max-snippet:-1, max-image-preview:large, max-video-preview:-1\" \/>\n<link rel=\"canonical\" href=\"https:\/\/www.mundoacuicola.cl\/new\/salmonchile-llega-a-masterchef-chile-para-posicionar-el-salmon-en-horario-prime\/\" \/>\n<meta property=\"og:locale\" content=\"es_ES\" \/>\n<meta property=\"og:type\" content=\"article\" \/>\n<meta property=\"og:title\" content=\"SalmonChile llega a MasterChef Chile para posicionar el salm\u00f3n en horario prime - Mundoacuicola\" \/>\n<meta property=\"og:description\" content=\"SalmonChile llegar\u00e1 a MasterChef Chile desde octubre para acercar el salm\u00f3n nacional a los hogares y mostrar su versatilidad gastron\u00f3mica.\" \/>\n<meta property=\"og:url\" content=\"https:\/\/www.mundoacuicola.cl\/new\/salmonchile-llega-a-masterchef-chile-para-posicionar-el-salmon-en-horario-prime\/\" \/>\n<meta property=\"og:site_name\" content=\"Mundoacuicola\" \/>\n<meta property=\"article:publisher\" content=\"https:\/\/www.facebook.com\/mundo.acuicola\/\" \/>\n<meta property=\"article:published_time\" content=\"2026-09-03T19:24:57+00:00\" \/>\n<meta property=\"og:image\" content=\"https:\/\/www.mundoacuicola.cl\/new\/wp-content\/uploads\/2026\/09\/SalmonChile-llega-a-MasterChef-Chile-para-posicionar-el-salmon-en-horario-prime.png\" \/>\n\t<meta property=\"og:image:width\" content=\"1200\" \/>\n\t<meta property=\"og:image:height\" content=\"700\" \/>\n\t<meta property=\"og:image:type\" content=\"image\/png\" \/>\n<meta name=\"author\" content=\"mbarrueto\" \/>\n<meta name=\"twitter:card\" content=\"summary_large_image\" \/>\n<meta name=\"twitter:creator\" content=\"@mundoacuicola\" \/>\n<meta name=\"twitter:site\" content=\"@mundoacuicola\" \/>\n<meta name=\"twitter:label1\" content=\"Escrito por\" \/>\n\t<meta name=\"twitter:data1\" content=\"mbarrueto\" \/>\n\t<meta name=\"twitter:label2\" content=\"Tiempo de lectura\" \/>\n\t<meta name=\"twitter:data2\" content=\"3 minutos\" \/>\n<script type=\"application\/ld+json\" class=\"yoast-schema-graph\">{\"@context\":\"https:\\\/\\\/schema.org\",\"@graph\":[{\"@type\":\"Article\",\"@id\":\"https:\\\/\\\/www.mundoacuicola.cl\\\/new\\\/salmonchile-llega-a-masterchef-chile-para-posicionar-el-salmon-en-horario-prime\\\/#article\",\"isPartOf\":{\"@id\":\"https:\\\/\\\/www.mundoacuicola.cl\\\/new\\\/salmonchile-llega-a-masterchef-chile-para-posicionar-el-salmon-en-horario-prime\\\/\"},\"author\":{\"name\":\"mbarrueto\",\"@id\":\"https:\\\/\\\/www.mundoacuicola.cl\\\/new\\\/#\\\/schema\\\/person\\\/c00ffe389abb88bd9254653add139315\"},\"headline\":\"SalmonChile llega a MasterChef Chile para posicionar el salm\u00f3n en horario prime\",\"datePublished\":\"2026-09-03T19:24:57+00:00\",\"mainEntityOfPage\":{\"@id\":\"https:\\\/\\\/www.mundoacuicola.cl\\\/new\\\/salmonchile-llega-a-masterchef-chile-para-posicionar-el-salmon-en-horario-prime\\\/\"},\"wordCount\":668,\"publisher\":{\"@id\":\"https:\\\/\\\/www.mundoacuicola.cl\\\/new\\\/#organization\"},\"image\":{\"@id\":\"https:\\\/\\\/www.mundoacuicola.cl\\\/new\\\/salmonchile-llega-a-masterchef-chile-para-posicionar-el-salmon-en-horario-prime\\\/#primaryimage\"},\"thumbnailUrl\":\"https:\\\/\\\/www.mundoacuicola.cl\\\/new\\\/wp-content\\\/uploads\\\/2026\\\/09\\\/SalmonChile-llega-a-MasterChef-Chile-para-posicionar-el-salmon-en-horario-prime.png\",\"keywords\":[\"alimentaci\u00f3n\",\"consumo de salm\u00f3n\",\"econom\u00eda azul\",\"exportaciones chilenas\",\"Gastronom\u00eda\",\"industria del salm\u00f3n\",\"Mar\u00eda Luisa Godoy\",\"MasterChef Chile\",\"Patricio Melero\",\"Salm\u00f3n chileno\",\"Salmonchile\",\"salmonicultura\",\"salmonicultura chilena\",\"Tom\u00e1s Monge\",\"TVN\"],\"articleSection\":[\"Titular 1\"],\"inLanguage\":\"es\"},{\"@type\":\"WebPage\",\"@id\":\"https:\\\/\\\/www.mundoacuicola.cl\\\/new\\\/salmonchile-llega-a-masterchef-chile-para-posicionar-el-salmon-en-horario-prime\\\/\",\"url\":\"https:\\\/\\\/www.mundoacuicola.cl\\\/new\\\/salmonchile-llega-a-masterchef-chile-para-posicionar-el-salmon-en-horario-prime\\\/\",\"name\":\"SalmonChile llega a MasterChef Chile para posicionar el salm\u00f3n en horario prime - Mundoacuicola\",\"isPartOf\":{\"@id\":\"https:\\\/\\\/www.mundoacuicola.cl\\\/new\\\/#website\"},\"primaryImageOfPage\":{\"@id\":\"https:\\\/\\\/www.mundoacuicola.cl\\\/new\\\/salmonchile-llega-a-masterchef-chile-para-posicionar-el-salmon-en-horario-prime\\\/#primaryimage\"},\"image\":{\"@id\":\"https:\\\/\\\/www.mundoacuicola.cl\\\/new\\\/salmonchile-llega-a-masterchef-chile-para-posicionar-el-salmon-en-horario-prime\\\/#primaryimage\"},\"thumbnailUrl\":\"https:\\\/\\\/www.mundoacuicola.cl\\\/new\\\/wp-content\\\/uploads\\\/2026\\\/09\\\/SalmonChile-llega-a-MasterChef-Chile-para-posicionar-el-salmon-en-horario-prime.png\",\"datePublished\":\"2026-09-03T19:24:57+00:00\",\"description\":\"SalmonChile llegar\u00e1 a MasterChef Chile desde octubre para acercar el salm\u00f3n nacional a los hogares y mostrar su versatilidad gastron\u00f3mica.\",\"breadcrumb\":{\"@id\":\"https:\\\/\\\/www.mundoacuicola.cl\\\/new\\\/salmonchile-llega-a-masterchef-chile-para-posicionar-el-salmon-en-horario-prime\\\/#breadcrumb\"},\"inLanguage\":\"es\",\"potentialAction\":[{\"@type\":\"ReadAction\",\"target\":[\"https:\\\/\\\/www.mundoacuicola.cl\\\/new\\\/salmonchile-llega-a-masterchef-chile-para-posicionar-el-salmon-en-horario-prime\\\/\"]}]},{\"@type\":\"ImageObject\",\"inLanguage\":\"es\",\"@id\":\"https:\\\/\\\/www.mundoacuicola.cl\\\/new\\\/salmonchile-llega-a-masterchef-chile-para-posicionar-el-salmon-en-horario-prime\\\/#primaryimage\",\"url\":\"https:\\\/\\\/www.mundoacuicola.cl\\\/new\\\/wp-content\\\/uploads\\\/2026\\\/09\\\/SalmonChile-llega-a-MasterChef-Chile-para-posicionar-el-salmon-en-horario-prime.png\",\"contentUrl\":\"https:\\\/\\\/www.mundoacuicola.cl\\\/new\\\/wp-content\\\/uploads\\\/2026\\\/09\\\/SalmonChile-llega-a-MasterChef-Chile-para-posicionar-el-salmon-en-horario-prime.png\",\"width\":1200,\"height\":700},{\"@type\":\"BreadcrumbList\",\"@id\":\"https:\\\/\\\/www.mundoacuicola.cl\\\/new\\\/salmonchile-llega-a-masterchef-chile-para-posicionar-el-salmon-en-horario-prime\\\/#breadcrumb\",\"itemListElement\":[{\"@type\":\"ListItem\",\"position\":1,\"name\":\"Portada\",\"item\":\"https:\\\/\\\/www.mundoacuicola.cl\\\/new\\\/\"},{\"@type\":\"ListItem\",\"position\":2,\"name\":\"SalmonChile llega a MasterChef Chile para posicionar el salm\u00f3n en horario prime\"}]},{\"@type\":\"WebSite\",\"@id\":\"https:\\\/\\\/www.mundoacuicola.cl\\\/new\\\/#website\",\"url\":\"https:\\\/\\\/www.mundoacuicola.cl\\\/new\\\/\",\"name\":\"Mundoacuicola\",\"description\":\"Revista de Acuicultura.\",\"publisher\":{\"@id\":\"https:\\\/\\\/www.mundoacuicola.cl\\\/new\\\/#organization\"},\"potentialAction\":[{\"@type\":\"SearchAction\",\"target\":{\"@type\":\"EntryPoint\",\"urlTemplate\":\"https:\\\/\\\/www.mundoacuicola.cl\\\/new\\\/?s={search_term_string}\"},\"query-input\":{\"@type\":\"PropertyValueSpecification\",\"valueRequired\":true,\"valueName\":\"search_term_string\"}}],\"inLanguage\":\"es\"},{\"@type\":\"Organization\",\"@id\":\"https:\\\/\\\/www.mundoacuicola.cl\\\/new\\\/#organization\",\"name\":\"Mundoacuicola\",\"url\":\"https:\\\/\\\/www.mundoacuicola.cl\\\/new\\\/\",\"logo\":{\"@type\":\"ImageObject\",\"inLanguage\":\"es\",\"@id\":\"https:\\\/\\\/www.mundoacuicola.cl\\\/new\\\/#\\\/schema\\\/logo\\\/image\\\/\",\"url\":\"https:\\\/\\\/www.mundoacuicola.cl\\\/new\\\/wp-content\\\/uploads\\\/2026\\\/01\\\/cropped-LOGO-Mundo-Acuicola-2026.png\",\"contentUrl\":\"https:\\\/\\\/www.mundoacuicola.cl\\\/new\\\/wp-content\\\/uploads\\\/2026\\\/01\\\/cropped-LOGO-Mundo-Acuicola-2026.png\",\"width\":1252,\"height\":296,\"caption\":\"Mundoacuicola\"},\"image\":{\"@id\":\"https:\\\/\\\/www.mundoacuicola.cl\\\/new\\\/#\\\/schema\\\/logo\\\/image\\\/\"},\"sameAs\":[\"https:\\\/\\\/www.facebook.com\\\/mundo.acuicola\\\/\",\"https:\\\/\\\/x.com\\\/mundoacuicola\",\"https:\\\/\\\/www.linkedin.com\\\/in\\\/mundo-acuicola\"]},{\"@type\":\"Person\",\"@id\":\"https:\\\/\\\/www.mundoacuicola.cl\\\/new\\\/#\\\/schema\\\/person\\\/c00ffe389abb88bd9254653add139315\",\"name\":\"mbarrueto\",\"url\":\"https:\\\/\\\/www.mundoacuicola.cl\\\/new\\\/author\\\/mbarrueto\\\/\"}]}<\/script>\n<!-- \/ Yoast SEO plugin. -->","yoast_head_json":{"title":"SalmonChile llega a MasterChef Chile para posicionar el salm\u00f3n en horario prime - Mundoacuicola","description":"SalmonChile llegar\u00e1 a MasterChef Chile desde octubre para acercar el salm\u00f3n nacional a los hogares y mostrar su versatilidad gastron\u00f3mica.","robots":{"index":"index","follow":"follow","max-snippet":"max-snippet:-1","max-image-preview":"max-image-preview:large","max-video-preview":"max-video-preview:-1"},"canonical":"https:\/\/www.mundoacuicola.cl\/new\/salmonchile-llega-a-masterchef-chile-para-posicionar-el-salmon-en-horario-prime\/","og_locale":"es_ES","og_type":"article","og_title":"SalmonChile llega a MasterChef Chile para posicionar el salm\u00f3n en horario prime - Mundoacuicola","og_description":"SalmonChile llegar\u00e1 a MasterChef Chile desde octubre para acercar el salm\u00f3n nacional a los hogares y mostrar su versatilidad gastron\u00f3mica.","og_url":"https:\/\/www.mundoacuicola.cl\/new\/salmonchile-llega-a-masterchef-chile-para-posicionar-el-salmon-en-horario-prime\/","og_site_name":"Mundoacuicola","article_publisher":"https:\/\/www.facebook.com\/mundo.acuicola\/","article_published_time":"2026-09-03T19:24:57+00:00","og_image":[{"width":1200,"height":700,"url":"https:\/\/www.mundoacuicola.cl\/new\/wp-content\/uploads\/2026\/09\/SalmonChile-llega-a-MasterChef-Chile-para-posicionar-el-salmon-en-horario-prime.png","type":"image\/png"}],"author":"mbarrueto","twitter_card":"summary_large_image","twitter_creator":"@mundoacuicola","twitter_site":"@mundoacuicola","twitter_misc":{"Escrito por":"mbarrueto","Tiempo de lectura":"3 minutos"},"schema":{"@context":"https:\/\/schema.org","@graph":[{"@type":"Article","@id":"https:\/\/www.mundoacuicola.cl\/new\/salmonchile-llega-a-masterchef-chile-para-posicionar-el-salmon-en-horario-prime\/#article","isPartOf":{"@id":"https:\/\/www.mundoacuicola.cl\/new\/salmonchile-llega-a-masterchef-chile-para-posicionar-el-salmon-en-horario-prime\/"},"author":{"name":"mbarrueto","@id":"https:\/\/www.mundoacuicola.cl\/new\/#\/schema\/person\/c00ffe389abb88bd9254653add139315"},"headline":"SalmonChile llega a MasterChef Chile para posicionar el salm\u00f3n en horario prime","datePublished":"2026-09-03T19:24:57+00:00","mainEntityOfPage":{"@id":"https:\/\/www.mundoacuicola.cl\/new\/salmonchile-llega-a-masterchef-chile-para-posicionar-el-salmon-en-horario-prime\/"},"wordCount":668,"publisher":{"@id":"https:\/\/www.mundoacuicola.cl\/new\/#organization"},"image":{"@id":"https:\/\/www.mundoacuicola.cl\/new\/salmonchile-llega-a-masterchef-chile-para-posicionar-el-salmon-en-horario-prime\/#primaryimage"},"thumbnailUrl":"https:\/\/www.mundoacuicola.cl\/new\/wp-content\/uploads\/2026\/09\/SalmonChile-llega-a-MasterChef-Chile-para-posicionar-el-salmon-en-horario-prime.png","keywords":["alimentaci\u00f3n","consumo de salm\u00f3n","econom\u00eda azul","exportaciones chilenas","Gastronom\u00eda","industria del salm\u00f3n","Mar\u00eda Luisa Godoy","MasterChef Chile","Patricio Melero","Salm\u00f3n chileno","Salmonchile","salmonicultura","salmonicultura chilena","Tom\u00e1s Monge","TVN"],"articleSection":["Titular 1"],"inLanguage":"es"},{"@type":"WebPage","@id":"https:\/\/www.mundoacuicola.cl\/new\/salmonchile-llega-a-masterchef-chile-para-posicionar-el-salmon-en-horario-prime\/","url":"https:\/\/www.mundoacuicola.cl\/new\/salmonchile-llega-a-masterchef-chile-para-posicionar-el-salmon-en-horario-prime\/","name":"SalmonChile llega a MasterChef Chile para posicionar el salm\u00f3n en horario prime - Mundoacuicola","isPartOf":{"@id":"https:\/\/www.mundoacuicola.cl\/new\/#website"},"primaryImageOfPage":{"@id":"https:\/\/www.mundoacuicola.cl\/new\/salmonchile-llega-a-masterchef-chile-para-posicionar-el-salmon-en-horario-prime\/#primaryimage"},"image":{"@id":"https:\/\/www.mundoacuicola.cl\/new\/salmonchile-llega-a-masterchef-chile-para-posicionar-el-salmon-en-horario-prime\/#primaryimage"},"thumbnailUrl":"https:\/\/www.mundoacuicola.cl\/new\/wp-content\/uploads\/2026\/09\/SalmonChile-llega-a-MasterChef-Chile-para-posicionar-el-salmon-en-horario-prime.png","datePublished":"2026-09-03T19:24:57+00:00","description":"SalmonChile llegar\u00e1 a MasterChef Chile desde octubre para acercar el salm\u00f3n nacional a los hogares y mostrar su versatilidad gastron\u00f3mica.","breadcrumb":{"@id":"https:\/\/www.mundoacuicola.cl\/new\/salmonchile-llega-a-masterchef-chile-para-posicionar-el-salmon-en-horario-prime\/#breadcrumb"},"inLanguage":"es","potentialAction":[{"@type":"ReadAction","target":["https:\/\/www.mundoacuicola.cl\/new\/salmonchile-llega-a-masterchef-chile-para-posicionar-el-salmon-en-horario-prime\/"]}]},{"@type":"ImageObject","inLanguage":"es","@id":"https:\/\/www.mundoacuicola.cl\/new\/salmonchile-llega-a-masterchef-chile-para-posicionar-el-salmon-en-horario-prime\/#primaryimage","url":"https:\/\/www.mundoacuicola.cl\/new\/wp-content\/uploads\/2026\/09\/SalmonChile-llega-a-MasterChef-Chile-para-posicionar-el-salmon-en-horario-prime.png","contentUrl":"https:\/\/www.mundoacuicola.cl\/new\/wp-content\/uploads\/2026\/09\/SalmonChile-llega-a-MasterChef-Chile-para-posicionar-el-salmon-en-horario-prime.png","width":1200,"height":700},{"@type":"BreadcrumbList","@id":"https:\/\/www.mundoacuicola.cl\/new\/salmonchile-llega-a-masterchef-chile-para-posicionar-el-salmon-en-horario-prime\/#breadcrumb","itemListElement":[{"@type":"ListItem","position":1,"name":"Portada","item":"https:\/\/www.mundoacuicola.cl\/new\/"},{"@type":"ListItem","position":2,"name":"SalmonChile llega a MasterChef Chile para posicionar el salm\u00f3n en horario prime"}]},{"@type":"WebSite","@id":"https:\/\/www.mundoacuicola.cl\/new\/#website","url":"https:\/\/www.mundoacuicola.cl\/new\/","name":"Mundoacuicola","description":"Revista de Acuicultura.","publisher":{"@id":"https:\/\/www.mundoacuicola.cl\/new\/#organization"},"potentialAction":[{"@type":"SearchAction","target":{"@type":"EntryPoint","urlTemplate":"https:\/\/www.mundoacuicola.cl\/new\/?s={search_term_string}"},"query-input":{"@type":"PropertyValueSpecification","valueRequired":true,"valueName":"search_term_string"}}],"inLanguage":"es"},{"@type":"Organization","@id":"https:\/\/www.mundoacuicola.cl\/new\/#organization","name":"Mundoacuicola","url":"https:\/\/www.mundoacuicola.cl\/new\/","logo":{"@type":"ImageObject","inLanguage":"es","@id":"https:\/\/www.mundoacuicola.cl\/new\/#\/schema\/logo\/image\/","url":"https:\/\/www.mundoacuicola.cl\/new\/wp-content\/uploads\/2026\/01\/cropped-LOGO-Mundo-Acuicola-2026.png","contentUrl":"https:\/\/www.mundoacuicola.cl\/new\/wp-content\/uploads\/2026\/01\/cropped-LOGO-Mundo-Acuicola-2026.png","width":1252,"height":296,"caption":"Mundoacuicola"},"image":{"@id":"https:\/\/www.mundoacuicola.cl\/new\/#\/schema\/logo\/image\/"},"sameAs":["https:\/\/www.facebook.com\/mundo.acuicola\/","https:\/\/x.com\/mundoacuicola","https:\/\/www.linkedin.com\/in\/mundo-acuicola"]},{"@type":"Person","@id":"https:\/\/www.mundoacuicola.cl\/new\/#\/schema\/person\/c00ffe389abb88bd9254653add139315","name":"mbarrueto","url":"https:\/\/www.mundoacuicola.cl\/new\/author\/mbarrueto\/"}]}},"_links":{"self":[{"href":"https:\/\/www.mundoacuicola.cl\/new\/wp-json\/wp\/v2\/posts\/92161","targetHints":{"allow":["GET"]}}],"collection":[{"href":"https:\/\/www.mundoacuicola.cl\/new\/wp-json\/wp\/v2\/posts"}],"about":[{"href":"https:\/\/www.mundoacuicola.cl\/new\/wp-json\/wp\/v2\/types\/post"}],"author":[{"embeddable":true,"href":"https:\/\/www.mundoacuicola.cl\/new\/wp-json\/wp\/v2\/users\/10"}],"replies":[{"embeddable":true,"href":"https:\/\/www.mundoacuicola.cl\/new\/wp-json\/wp\/v2\/comments?post=92161"}],"version-history":[{"count":1,"href":"https:\/\/www.mundoacuicola.cl\/new\/wp-json\/wp\/v2\/posts\/92161\/revisions"}],"predecessor-version":[{"id":92163,"href":"https:\/\/www.mundoacuicola.cl\/new\/wp-json\/wp\/v2\/posts\/92161\/revisions\/92163"}],"wp:featuredmedia":[{"embeddable":true,"href":"https:\/\/www.mundoacuicola.cl\/new\/wp-json\/wp\/v2\/media\/92162"}],"wp:attachment":[{"href":"https:\/\/www.mundoacuicola.cl\/new\/wp-json\/wp\/v2\/media?parent=92161"}],"wp:term":[{"taxonomy":"category","embeddable":true,"href":"https:\/\/www.mundoacuicola.cl\/new\/wp-json\/wp\/v2\/categories?post=92161"},{"taxonomy":"post_tag","embeddable":true,"href":"https:\/\/www.mundoacuicola.cl\/new\/wp-json\/wp\/v2\/tags?post=92161"}],"curies":[{"name":"wp","href":"https:\/\/api.w.org\/{rel}","templated":true}]}}