{"id":92177,"date":"2026-09-04T04:49:58","date_gmt":"2026-09-04T08:49:58","guid":{"rendered":"https:\/\/www.mundoacuicola.cl\/new\/?p=92177"},"modified":"2026-09-03T22:12:47","modified_gmt":"2026-09-04T02:12:47","slug":"aquapacifico-conmemora-10-anos-y-proyecta-una-nueva-etapa-para-la-innovacion-acuicola-en-el-territorio","status":"publish","type":"post","link":"https:\/\/www.mundoacuicola.cl\/new\/aquapacifico-conmemora-10-anos-y-proyecta-una-nueva-etapa-para-la-innovacion-acuicola-en-el-territorio\/","title":{"rendered":"AquaPac\u00edfico conmemora 10 a\u00f1os y proyecta una nueva etapa para la innovaci\u00f3n acu\u00edcola en el territorio"},"content":{"rendered":"<p data-start=\"700\" data-end=\"1065\">Con un balance de los principales resultados alcanzados durante una d\u00e9cada de trabajo y una revisi\u00f3n de los desaf\u00edos que enfrenta la acuicultura en la macrozona norte, AquaPac\u00edfico conmemor\u00f3 sus 10 a\u00f1os de trayectoria durante el encuentro institucional <strong data-start=\"953\" data-end=\"1012\">\u201cAquaPac\u00edfico 10 a\u00f1os: Resultados, innovaci\u00f3n y futuro\u201d<\/strong>, realizado este jueves 3 de septiembre en La Serena.<\/p>\n<p data-start=\"1067\" data-end=\"1776\">La actividad reuni\u00f3 a representantes de la Universidad Cat\u00f3lica del Norte (UCN), organismos p\u00fablicos, empresas, organizaciones de pescadores artesanales, establecimientos educacionales y centros de investigaci\u00f3n. Entre los asistentes estuvieron la consejera regional Jimena Ampuero Garc\u00eda; la seremi de Ciencia, Tecnolog\u00eda, Conocimiento e Innovaci\u00f3n de Coquimbo, Maite Arenas Rojas; el jefe de la Divisi\u00f3n de Fomento e Industria del Gobierno Regional, Francisco Vel\u00e1zquez Novoa; el vicerrector de la UCN Coquimbo, \u00d3scar Sep\u00falveda; la decana de la Facultad de Ciencias del Mar, Niris Cort\u00e9s Pizarro; y el presidente del directorio de AquaPac\u00edfico, Gonzalo \u00c1lvarez Vergara.<\/p>\n<p data-start=\"1778\" data-end=\"2244\">Durante la apertura, \u00c1lvarez destac\u00f3 el car\u00e1cter colaborativo de la trayectoria del centro tecnol\u00f3gico y el trabajo desarrollado junto a instituciones p\u00fablicas y privadas, empresas, organizaciones de pescadores, establecimientos educacionales y comunidades. En ese contexto, plante\u00f3 que el principal resultado de la primera d\u00e9cada no se limita a proyectos individuales, sino a las capacidades y redes construidas para vincular investigaci\u00f3n, producci\u00f3n y territorio.<\/p>\n<p data-start=\"2246\" data-end=\"2723\">El recorrido presentado durante el encuentro incluy\u00f3 experiencias vinculadas con peces, moluscos, macroalgas y nutrici\u00f3n acu\u00edcola. Entre los hitos mencionados estuvieron el desarrollo de dietas para <em data-start=\"2445\" data-end=\"2462\">Seriola lalandi<\/em>, la producci\u00f3n continua de semillas de osti\u00f3n del norte, iniciativas relacionadas con macroalgas y carbono azul y unidades productivas integradas y hatcheries multiespecie orientados a acercar tecnolog\u00eda a los territorios.<\/p>\n<p data-start=\"2725\" data-end=\"3240\">Desde la Facultad de Ciencias del Mar de la UCN, Niris Cort\u00e9s destac\u00f3 el v\u00ednculo entre la universidad y AquaPac\u00edfico como parte de un modelo de trabajo que integra investigaci\u00f3n, formaci\u00f3n de capital humano, innovaci\u00f3n y relaci\u00f3n con el entorno. \u201cPara nuestra facultad, Acuapac\u00edfico representa mucho m\u00e1s que un programa o un centro tecnol\u00f3gico. Representa una expresi\u00f3n colaborativa de c\u00f3mo la investigaci\u00f3n, la formaci\u00f3n del capital humano, la innovaci\u00f3n y la vinculaci\u00f3n con el entorno pueden integrarse\u201d, se\u00f1al\u00f3.<\/p>\n<p data-start=\"3242\" data-end=\"3849\">A su vez, Maite Arenas abord\u00f3 el papel de los centros tecnol\u00f3gicos en la generaci\u00f3n de capacidades regionales y los desaf\u00edos espec\u00edficos de la acuicultura de Coquimbo. En su intervenci\u00f3n sostuvo que la diversificaci\u00f3n productiva, la resiliencia frente a la variabilidad oceanogr\u00e1fica y la sostenibilidad requieren conocimiento desarrollado desde las condiciones particulares de cada territorio. \u201cLos desaf\u00edos de diversificaci\u00f3n productiva, de resiliencia frente a la variabilidad oceanogr\u00e1fica y de sostenibilidad no se resuelven con soluciones importadas. Se resuelven con el conocimiento situado\u201d, afirm\u00f3.<\/p>\n<p data-start=\"3851\" data-end=\"4368\">La dimensi\u00f3n tecnol\u00f3gica fue profundizada por el investigador cient\u00edfico de AquaPac\u00edfico Hern\u00e1n P\u00e9rez, quien abord\u00f3 los requerimientos para que una innovaci\u00f3n pueda avanzar desde la investigaci\u00f3n hacia la producci\u00f3n. En su presentaci\u00f3n explic\u00f3 que una tecnolog\u00eda no corresponde \u00fanicamente a un equipo o protocolo, sino a una soluci\u00f3n capaz de entregar resultados esperados, con costos controlables, procesos reproducibles y condiciones que permitan su transferencia y adaptaci\u00f3n.<\/p>\n<p data-start=\"4370\" data-end=\"4866\">Uno de los ejemplos revisados fue el desarrollo tecnol\u00f3gico asociado al osti\u00f3n del norte, cuya producci\u00f3n de semillas y tecnolog\u00eda de hatchery forma parte de una trayectoria de investigaci\u00f3n y transferencia acumulada durante d\u00e9cadas. En ese mismo recorrido se mencion\u00f3 la experiencia de la ostra japonesa, incorporada a la actividad acu\u00edcola nacional a partir de procesos iniciados a fines de los a\u00f1os 70, como otro antecedente del desarrollo tecnol\u00f3gico de la acuicultura de moluscos en la zona.<\/p>\n<p data-start=\"4868\" data-end=\"5344\">La diversificaci\u00f3n tambi\u00e9n tuvo como caso de an\u00e1lisis a <em data-start=\"4924\" data-end=\"4941\">Seriola lalandi<\/em>. La investigadora cient\u00edfica de AquaPac\u00edfico Catherine Alveal present\u00f3 los avances desarrollados en torno a esta especie, abordando aspectos como alimentaci\u00f3n, producci\u00f3n de juveniles, manejo sanitario y sistemas de recirculaci\u00f3n. El trabajo busca contribuir a ampliar la matriz acu\u00edcola chilena y generar herramientas que permitan avanzar desde la investigaci\u00f3n aplicada hacia condiciones productivas.<\/p>\n<h3 data-section-id=\"1sur4nz\" data-start=\"5346\" data-end=\"5385\">Innovaci\u00f3n y desarrollo territorial<\/h3>\n<p data-start=\"5387\" data-end=\"5867\">La dimensi\u00f3n territorial fue abordada posteriormente por <strong data-start=\"5444\" data-end=\"5533\">Daniel Arriagada, coordinador de Negocios y Transferencia Tecnol\u00f3gica de AquaPac\u00edfico<\/strong>, quien present\u00f3 <strong data-start=\"5550\" data-end=\"5634\">\u201cInnovaci\u00f3n con impacto territorial, una d\u00e9cada activando el desarrollo costero\u201d<\/strong>. Su exposici\u00f3n revis\u00f3 c\u00f3mo el centro ha buscado aportar al desarrollo y la reactivaci\u00f3n econ\u00f3mica de comunidades principalmente costeras mediante investigaci\u00f3n aplicada e innovaci\u00f3n tecnol\u00f3gica.<\/p>\n<p data-start=\"5869\" data-end=\"6365\">Arriagada explic\u00f3 que este trabajo se ha articulado a partir de cuatro l\u00edneas principales \u2014moluscos, peces marinos, algas y nutrici\u00f3n avanzada\u2014 y mediante el v\u00ednculo con distintos actores del ecosistema. La relaci\u00f3n con empresas, pescadores artesanales, establecimientos educacionales, estudiantes, organismos p\u00fablicos y comunidades ha permitido ampliar el alcance de las iniciativas y adaptar desarrollos tecnol\u00f3gicos a necesidades concretas del territorio.<\/p>\n<p data-start=\"6367\" data-end=\"6938\">Dentro de este \u00e1mbito tambi\u00e9n se present\u00f3 el trabajo realizado con establecimientos educacionales y estudiantes de especialidades acu\u00edcolas, junto con experiencias desarrolladas con organizaciones productivas y pescadores artesanales. La l\u00f3gica planteada considera una relaci\u00f3n de doble v\u00eda: las necesidades del territorio y de la actividad productiva permiten generar nuevas preguntas para la investigaci\u00f3n, mientras que el conocimiento desarrollado en los centros de investigaci\u00f3n puede transformarse posteriormente en soluciones, capacidades y herramientas aplicables.<\/p>\n<p data-start=\"6940\" data-end=\"7313\">Este enfoque fue sintetizado durante la presentaci\u00f3n institucional que repas\u00f3 la trayectoria de AquaPac\u00edfico, destacando el tr\u00e1nsito desde la construcci\u00f3n de capacidades y laboratorios hacia la ejecuci\u00f3n de proyectos propios, servicios y una red de colaboraci\u00f3n con empresas, comunidades, pescadores, estudiantes y organismos p\u00fablicos.<\/p>\n<p data-start=\"7315\" data-end=\"7761\">A partir de esta experiencia, AquaPac\u00edfico plante\u00f3 una nueva etapa estructurada en cinco plataformas: <strong data-start=\"7417\" data-end=\"7582\">articulaci\u00f3n de desaf\u00edos; prototipado e integraci\u00f3n; pilotaje, validaci\u00f3n y escalamiento; transferencia, adopci\u00f3n y servicios; y desarrollo e impacto territorial<\/strong>. La propuesta considera sostener las capacidades construidas, fortalecer alianzas estrat\u00e9gicas y diversificar las fuentes de financiamiento.<\/p>\n<h3 data-section-id=\"199rrlo\" data-start=\"7763\" data-end=\"7808\">Panel de cierre y priorizaci\u00f3n de brechas<\/h3>\n<p data-start=\"7810\" data-end=\"8494\">El cierre de la jornada estuvo marcado por un panel de conversaci\u00f3n y validaci\u00f3n destinado a identificar y priorizar brechas del ecosistema acu\u00edcola de las regiones de Atacama y Coquimbo. La instancia reuni\u00f3 a Mar\u00eda Cristina Morales, acad\u00e9mica de la UCN; Francisco Vel\u00e1zquez, del Gobierno Regional de Coquimbo; Mauricio Villegas, jefe de operaciones del Centro Acu\u00edcola Tongoy de Fundaci\u00f3n Chile; D\u00e9bora Garc\u00eda, gerenta de operaciones de Noctiluca SpA; Priscila Aros, presidenta de la Asociaci\u00f3n Gremial de Pescadores y Buzos de Tongoy; y Franklin Cepeda, director zonal de Atacama y Coquimbo de Subpesca, con H\u00e9ctor Flores Gatica como moderador.<\/p>\n<p data-start=\"8496\" data-end=\"8859\">La discusi\u00f3n se desarroll\u00f3 sobre la base de entrevistas previas realizadas a actores de la cadena acu\u00edcola, a partir de las cuales se levantaron distintas brechas y necesidades de articulaci\u00f3n. Durante el panel, estas fueron discutidas y posteriormente sometidas a una votaci\u00f3n en vivo para establecer una priorizaci\u00f3n com\u00fan.<\/p>\n<p data-start=\"8861\" data-end=\"9358\" data-is-last-node=\"\" data-is-only-node=\"\">Concluido el proceso, la primera brecha priorizada correspondi\u00f3 a las <strong data-start=\"8931\" data-end=\"8949\">externalidades<\/strong>, seguida por la <strong data-start=\"8966\" data-end=\"9019\">profesionalizaci\u00f3n e institucionalidad del sector<\/strong>, la <strong data-start=\"9024\" data-end=\"9063\">captura de valor por intermediarios<\/strong>, el <strong data-start=\"9068\" data-end=\"9098\">abastecimiento de semillas<\/strong>, el <strong data-start=\"9103\" data-end=\"9126\">respaldo financiero<\/strong>, la <strong data-start=\"9131\" data-end=\"9143\">simetr\u00eda<\/strong> y la <strong data-start=\"9149\" data-end=\"9179\">articulaci\u00f3n institucional<\/strong>. Los resultados ser\u00e1n sistematizados por AquaPac\u00edfico en un documento que posteriormente ser\u00e1 entregado a los participantes de la instancia.<\/p>\n","protected":false},"excerpt":{"rendered":"<p>El encuentro \u201cAquaPac\u00edfico 10 a\u00f1os: Resultados, innovaci\u00f3n y futuro\u201d reuni\u00f3 a representantes de la academia, sector productivo, organismos p\u00fablicos y acuicultura de peque\u00f1a escala para revisar avances y definir desaf\u00edos para la macrozona norte.<\/p>\n","protected":false},"author":8,"featured_media":92178,"comment_status":"closed","ping_status":"closed","sticky":false,"template":"","format":"standard","meta":{"footnotes":""},"categories":[126],"tags":[],"class_list":["post-92177","post","type-post","status-publish","format-standard","has-post-thumbnail","hentry","category-noticias"],"yoast_head":"<!-- This site is optimized with the Yoast SEO plugin v28.3 - https:\/\/yoast.com\/product\/yoast-seo-wordpress\/ -->\n<title>AquaPac\u00edfico conmemora 10 a\u00f1os y proyecta una nueva etapa para la innovaci\u00f3n acu\u00edcola en el territorio - Mundoacuicola<\/title>\n<meta name=\"description\" content=\"El encuentro \u201cAquaPac\u00edfico 10 a\u00f1os: Resultados, innovaci\u00f3n y futuro\u201d reuni\u00f3 a representantes de la academia, sector productivo, organismos p\u00fablicos y acuicultura de peque\u00f1a escala para revisar avances y definir desaf\u00edos para la macrozona norte.\" \/>\n<meta name=\"robots\" content=\"index, follow, max-snippet:-1, max-image-preview:large, max-video-preview:-1\" \/>\n<link rel=\"canonical\" href=\"https:\/\/www.mundoacuicola.cl\/new\/aquapacifico-conmemora-10-anos-y-proyecta-una-nueva-etapa-para-la-innovacion-acuicola-en-el-territorio\/\" \/>\n<meta property=\"og:locale\" content=\"es_ES\" \/>\n<meta property=\"og:type\" content=\"article\" \/>\n<meta property=\"og:title\" content=\"AquaPac\u00edfico conmemora 10 a\u00f1os y proyecta una nueva etapa para la innovaci\u00f3n acu\u00edcola en el territorio - Mundoacuicola\" \/>\n<meta property=\"og:description\" content=\"El encuentro \u201cAquaPac\u00edfico 10 a\u00f1os: Resultados, innovaci\u00f3n y futuro\u201d reuni\u00f3 a representantes de la academia, sector productivo, organismos p\u00fablicos y acuicultura de peque\u00f1a escala para revisar avances y definir desaf\u00edos para la macrozona norte.\" \/>\n<meta property=\"og:url\" content=\"https:\/\/www.mundoacuicola.cl\/new\/aquapacifico-conmemora-10-anos-y-proyecta-una-nueva-etapa-para-la-innovacion-acuicola-en-el-territorio\/\" \/>\n<meta property=\"og:site_name\" content=\"Mundoacuicola\" \/>\n<meta property=\"article:publisher\" content=\"https:\/\/www.facebook.com\/mundo.acuicola\/\" \/>\n<meta property=\"article:published_time\" content=\"2026-09-04T08:49:58+00:00\" \/>\n<meta property=\"og:image\" content=\"https:\/\/www.mundoacuicola.cl\/new\/wp-content\/uploads\/2026\/09\/Aquapacifico10anos.jpg\" \/>\n\t<meta property=\"og:image:width\" content=\"1200\" \/>\n\t<meta property=\"og:image:height\" content=\"677\" \/>\n\t<meta property=\"og:image:type\" content=\"image\/jpeg\" \/>\n<meta name=\"author\" content=\"Ricardo Alvarez\" \/>\n<meta name=\"twitter:card\" content=\"summary_large_image\" \/>\n<meta name=\"twitter:creator\" content=\"@mundoacuicola\" \/>\n<meta name=\"twitter:site\" content=\"@mundoacuicola\" \/>\n<meta name=\"twitter:label1\" content=\"Escrito por\" \/>\n\t<meta name=\"twitter:data1\" content=\"Ricardo Alvarez\" \/>\n\t<meta name=\"twitter:label2\" content=\"Tiempo de lectura\" \/>\n\t<meta name=\"twitter:data2\" content=\"6 minutos\" \/>\n<script type=\"application\/ld+json\" class=\"yoast-schema-graph\">{\"@context\":\"https:\\\/\\\/schema.org\",\"@graph\":[{\"@type\":\"Article\",\"@id\":\"https:\\\/\\\/www.mundoacuicola.cl\\\/new\\\/aquapacifico-conmemora-10-anos-y-proyecta-una-nueva-etapa-para-la-innovacion-acuicola-en-el-territorio\\\/#article\",\"isPartOf\":{\"@id\":\"https:\\\/\\\/www.mundoacuicola.cl\\\/new\\\/aquapacifico-conmemora-10-anos-y-proyecta-una-nueva-etapa-para-la-innovacion-acuicola-en-el-territorio\\\/\"},\"author\":{\"name\":\"Ricardo Alvarez\",\"@id\":\"https:\\\/\\\/www.mundoacuicola.cl\\\/new\\\/#\\\/schema\\\/person\\\/52cfe7e461eb2d30484965350ee34bdd\"},\"headline\":\"AquaPac\u00edfico conmemora 10 a\u00f1os y proyecta una nueva etapa para la innovaci\u00f3n acu\u00edcola en el territorio\",\"datePublished\":\"2026-09-04T08:49:58+00:00\",\"mainEntityOfPage\":{\"@id\":\"https:\\\/\\\/www.mundoacuicola.cl\\\/new\\\/aquapacifico-conmemora-10-anos-y-proyecta-una-nueva-etapa-para-la-innovacion-acuicola-en-el-territorio\\\/\"},\"wordCount\":1297,\"publisher\":{\"@id\":\"https:\\\/\\\/www.mundoacuicola.cl\\\/new\\\/#organization\"},\"image\":{\"@id\":\"https:\\\/\\\/www.mundoacuicola.cl\\\/new\\\/aquapacifico-conmemora-10-anos-y-proyecta-una-nueva-etapa-para-la-innovacion-acuicola-en-el-territorio\\\/#primaryimage\"},\"thumbnailUrl\":\"https:\\\/\\\/www.mundoacuicola.cl\\\/new\\\/wp-content\\\/uploads\\\/2026\\\/09\\\/Aquapacifico10anos.jpg\",\"articleSection\":[\"Noticias\"],\"inLanguage\":\"es\"},{\"@type\":\"WebPage\",\"@id\":\"https:\\\/\\\/www.mundoacuicola.cl\\\/new\\\/aquapacifico-conmemora-10-anos-y-proyecta-una-nueva-etapa-para-la-innovacion-acuicola-en-el-territorio\\\/\",\"url\":\"https:\\\/\\\/www.mundoacuicola.cl\\\/new\\\/aquapacifico-conmemora-10-anos-y-proyecta-una-nueva-etapa-para-la-innovacion-acuicola-en-el-territorio\\\/\",\"name\":\"AquaPac\u00edfico conmemora 10 a\u00f1os y proyecta una nueva etapa para la innovaci\u00f3n acu\u00edcola en el territorio - Mundoacuicola\",\"isPartOf\":{\"@id\":\"https:\\\/\\\/www.mundoacuicola.cl\\\/new\\\/#website\"},\"primaryImageOfPage\":{\"@id\":\"https:\\\/\\\/www.mundoacuicola.cl\\\/new\\\/aquapacifico-conmemora-10-anos-y-proyecta-una-nueva-etapa-para-la-innovacion-acuicola-en-el-territorio\\\/#primaryimage\"},\"image\":{\"@id\":\"https:\\\/\\\/www.mundoacuicola.cl\\\/new\\\/aquapacifico-conmemora-10-anos-y-proyecta-una-nueva-etapa-para-la-innovacion-acuicola-en-el-territorio\\\/#primaryimage\"},\"thumbnailUrl\":\"https:\\\/\\\/www.mundoacuicola.cl\\\/new\\\/wp-content\\\/uploads\\\/2026\\\/09\\\/Aquapacifico10anos.jpg\",\"datePublished\":\"2026-09-04T08:49:58+00:00\",\"description\":\"El encuentro \u201cAquaPac\u00edfico 10 a\u00f1os: Resultados, innovaci\u00f3n y futuro\u201d reuni\u00f3 a representantes de la academia, sector productivo, organismos p\u00fablicos y acuicultura de peque\u00f1a escala para revisar avances y definir desaf\u00edos para la macrozona norte.\",\"breadcrumb\":{\"@id\":\"https:\\\/\\\/www.mundoacuicola.cl\\\/new\\\/aquapacifico-conmemora-10-anos-y-proyecta-una-nueva-etapa-para-la-innovacion-acuicola-en-el-territorio\\\/#breadcrumb\"},\"inLanguage\":\"es\",\"potentialAction\":[{\"@type\":\"ReadAction\",\"target\":[\"https:\\\/\\\/www.mundoacuicola.cl\\\/new\\\/aquapacifico-conmemora-10-anos-y-proyecta-una-nueva-etapa-para-la-innovacion-acuicola-en-el-territorio\\\/\"]}]},{\"@type\":\"ImageObject\",\"inLanguage\":\"es\",\"@id\":\"https:\\\/\\\/www.mundoacuicola.cl\\\/new\\\/aquapacifico-conmemora-10-anos-y-proyecta-una-nueva-etapa-para-la-innovacion-acuicola-en-el-territorio\\\/#primaryimage\",\"url\":\"https:\\\/\\\/www.mundoacuicola.cl\\\/new\\\/wp-content\\\/uploads\\\/2026\\\/09\\\/Aquapacifico10anos.jpg\",\"contentUrl\":\"https:\\\/\\\/www.mundoacuicola.cl\\\/new\\\/wp-content\\\/uploads\\\/2026\\\/09\\\/Aquapacifico10anos.jpg\",\"width\":1200,\"height\":677},{\"@type\":\"BreadcrumbList\",\"@id\":\"https:\\\/\\\/www.mundoacuicola.cl\\\/new\\\/aquapacifico-conmemora-10-anos-y-proyecta-una-nueva-etapa-para-la-innovacion-acuicola-en-el-territorio\\\/#breadcrumb\",\"itemListElement\":[{\"@type\":\"ListItem\",\"position\":1,\"name\":\"Portada\",\"item\":\"https:\\\/\\\/www.mundoacuicola.cl\\\/new\\\/\"},{\"@type\":\"ListItem\",\"position\":2,\"name\":\"AquaPac\u00edfico conmemora 10 a\u00f1os y proyecta una nueva etapa para la innovaci\u00f3n acu\u00edcola en el territorio\"}]},{\"@type\":\"WebSite\",\"@id\":\"https:\\\/\\\/www.mundoacuicola.cl\\\/new\\\/#website\",\"url\":\"https:\\\/\\\/www.mundoacuicola.cl\\\/new\\\/\",\"name\":\"Mundoacuicola\",\"description\":\"Revista de Acuicultura.\",\"publisher\":{\"@id\":\"https:\\\/\\\/www.mundoacuicola.cl\\\/new\\\/#organization\"},\"potentialAction\":[{\"@type\":\"SearchAction\",\"target\":{\"@type\":\"EntryPoint\",\"urlTemplate\":\"https:\\\/\\\/www.mundoacuicola.cl\\\/new\\\/?s={search_term_string}\"},\"query-input\":{\"@type\":\"PropertyValueSpecification\",\"valueRequired\":true,\"valueName\":\"search_term_string\"}}],\"inLanguage\":\"es\"},{\"@type\":\"Organization\",\"@id\":\"https:\\\/\\\/www.mundoacuicola.cl\\\/new\\\/#organization\",\"name\":\"Mundoacuicola\",\"url\":\"https:\\\/\\\/www.mundoacuicola.cl\\\/new\\\/\",\"logo\":{\"@type\":\"ImageObject\",\"inLanguage\":\"es\",\"@id\":\"https:\\\/\\\/www.mundoacuicola.cl\\\/new\\\/#\\\/schema\\\/logo\\\/image\\\/\",\"url\":\"https:\\\/\\\/www.mundoacuicola.cl\\\/new\\\/wp-content\\\/uploads\\\/2026\\\/01\\\/cropped-LOGO-Mundo-Acuicola-2026.png\",\"contentUrl\":\"https:\\\/\\\/www.mundoacuicola.cl\\\/new\\\/wp-content\\\/uploads\\\/2026\\\/01\\\/cropped-LOGO-Mundo-Acuicola-2026.png\",\"width\":1252,\"height\":296,\"caption\":\"Mundoacuicola\"},\"image\":{\"@id\":\"https:\\\/\\\/www.mundoacuicola.cl\\\/new\\\/#\\\/schema\\\/logo\\\/image\\\/\"},\"sameAs\":[\"https:\\\/\\\/www.facebook.com\\\/mundo.acuicola\\\/\",\"https:\\\/\\\/x.com\\\/mundoacuicola\",\"https:\\\/\\\/www.linkedin.com\\\/in\\\/mundo-acuicola\"]},{\"@type\":\"Person\",\"@id\":\"https:\\\/\\\/www.mundoacuicola.cl\\\/new\\\/#\\\/schema\\\/person\\\/52cfe7e461eb2d30484965350ee34bdd\",\"name\":\"Ricardo Alvarez\",\"url\":\"https:\\\/\\\/www.mundoacuicola.cl\\\/new\\\/author\\\/ricardo\\\/\"}]}<\/script>\n<!-- \/ Yoast SEO plugin. -->","yoast_head_json":{"title":"AquaPac\u00edfico conmemora 10 a\u00f1os y proyecta una nueva etapa para la innovaci\u00f3n acu\u00edcola en el territorio - Mundoacuicola","description":"El encuentro \u201cAquaPac\u00edfico 10 a\u00f1os: Resultados, innovaci\u00f3n y futuro\u201d reuni\u00f3 a representantes de la academia, sector productivo, organismos p\u00fablicos y acuicultura de peque\u00f1a escala para revisar avances y definir desaf\u00edos para la macrozona norte.","robots":{"index":"index","follow":"follow","max-snippet":"max-snippet:-1","max-image-preview":"max-image-preview:large","max-video-preview":"max-video-preview:-1"},"canonical":"https:\/\/www.mundoacuicola.cl\/new\/aquapacifico-conmemora-10-anos-y-proyecta-una-nueva-etapa-para-la-innovacion-acuicola-en-el-territorio\/","og_locale":"es_ES","og_type":"article","og_title":"AquaPac\u00edfico conmemora 10 a\u00f1os y proyecta una nueva etapa para la innovaci\u00f3n acu\u00edcola en el territorio - Mundoacuicola","og_description":"El encuentro \u201cAquaPac\u00edfico 10 a\u00f1os: Resultados, innovaci\u00f3n y futuro\u201d reuni\u00f3 a representantes de la academia, sector productivo, organismos p\u00fablicos y acuicultura de peque\u00f1a escala para revisar avances y definir desaf\u00edos para la macrozona norte.","og_url":"https:\/\/www.mundoacuicola.cl\/new\/aquapacifico-conmemora-10-anos-y-proyecta-una-nueva-etapa-para-la-innovacion-acuicola-en-el-territorio\/","og_site_name":"Mundoacuicola","article_publisher":"https:\/\/www.facebook.com\/mundo.acuicola\/","article_published_time":"2026-09-04T08:49:58+00:00","og_image":[{"width":1200,"height":677,"url":"https:\/\/www.mundoacuicola.cl\/new\/wp-content\/uploads\/2026\/09\/Aquapacifico10anos.jpg","type":"image\/jpeg"}],"author":"Ricardo Alvarez","twitter_card":"summary_large_image","twitter_creator":"@mundoacuicola","twitter_site":"@mundoacuicola","twitter_misc":{"Escrito por":"Ricardo Alvarez","Tiempo de lectura":"6 minutos"},"schema":{"@context":"https:\/\/schema.org","@graph":[{"@type":"Article","@id":"https:\/\/www.mundoacuicola.cl\/new\/aquapacifico-conmemora-10-anos-y-proyecta-una-nueva-etapa-para-la-innovacion-acuicola-en-el-territorio\/#article","isPartOf":{"@id":"https:\/\/www.mundoacuicola.cl\/new\/aquapacifico-conmemora-10-anos-y-proyecta-una-nueva-etapa-para-la-innovacion-acuicola-en-el-territorio\/"},"author":{"name":"Ricardo Alvarez","@id":"https:\/\/www.mundoacuicola.cl\/new\/#\/schema\/person\/52cfe7e461eb2d30484965350ee34bdd"},"headline":"AquaPac\u00edfico conmemora 10 a\u00f1os y proyecta una nueva etapa para la innovaci\u00f3n acu\u00edcola en el territorio","datePublished":"2026-09-04T08:49:58+00:00","mainEntityOfPage":{"@id":"https:\/\/www.mundoacuicola.cl\/new\/aquapacifico-conmemora-10-anos-y-proyecta-una-nueva-etapa-para-la-innovacion-acuicola-en-el-territorio\/"},"wordCount":1297,"publisher":{"@id":"https:\/\/www.mundoacuicola.cl\/new\/#organization"},"image":{"@id":"https:\/\/www.mundoacuicola.cl\/new\/aquapacifico-conmemora-10-anos-y-proyecta-una-nueva-etapa-para-la-innovacion-acuicola-en-el-territorio\/#primaryimage"},"thumbnailUrl":"https:\/\/www.mundoacuicola.cl\/new\/wp-content\/uploads\/2026\/09\/Aquapacifico10anos.jpg","articleSection":["Noticias"],"inLanguage":"es"},{"@type":"WebPage","@id":"https:\/\/www.mundoacuicola.cl\/new\/aquapacifico-conmemora-10-anos-y-proyecta-una-nueva-etapa-para-la-innovacion-acuicola-en-el-territorio\/","url":"https:\/\/www.mundoacuicola.cl\/new\/aquapacifico-conmemora-10-anos-y-proyecta-una-nueva-etapa-para-la-innovacion-acuicola-en-el-territorio\/","name":"AquaPac\u00edfico conmemora 10 a\u00f1os y proyecta una nueva etapa para la innovaci\u00f3n acu\u00edcola en el territorio - Mundoacuicola","isPartOf":{"@id":"https:\/\/www.mundoacuicola.cl\/new\/#website"},"primaryImageOfPage":{"@id":"https:\/\/www.mundoacuicola.cl\/new\/aquapacifico-conmemora-10-anos-y-proyecta-una-nueva-etapa-para-la-innovacion-acuicola-en-el-territorio\/#primaryimage"},"image":{"@id":"https:\/\/www.mundoacuicola.cl\/new\/aquapacifico-conmemora-10-anos-y-proyecta-una-nueva-etapa-para-la-innovacion-acuicola-en-el-territorio\/#primaryimage"},"thumbnailUrl":"https:\/\/www.mundoacuicola.cl\/new\/wp-content\/uploads\/2026\/09\/Aquapacifico10anos.jpg","datePublished":"2026-09-04T08:49:58+00:00","description":"El encuentro \u201cAquaPac\u00edfico 10 a\u00f1os: Resultados, innovaci\u00f3n y futuro\u201d reuni\u00f3 a representantes de la academia, sector productivo, organismos p\u00fablicos y acuicultura de peque\u00f1a escala para revisar avances y definir desaf\u00edos para la macrozona norte.","breadcrumb":{"@id":"https:\/\/www.mundoacuicola.cl\/new\/aquapacifico-conmemora-10-anos-y-proyecta-una-nueva-etapa-para-la-innovacion-acuicola-en-el-territorio\/#breadcrumb"},"inLanguage":"es","potentialAction":[{"@type":"ReadAction","target":["https:\/\/www.mundoacuicola.cl\/new\/aquapacifico-conmemora-10-anos-y-proyecta-una-nueva-etapa-para-la-innovacion-acuicola-en-el-territorio\/"]}]},{"@type":"ImageObject","inLanguage":"es","@id":"https:\/\/www.mundoacuicola.cl\/new\/aquapacifico-conmemora-10-anos-y-proyecta-una-nueva-etapa-para-la-innovacion-acuicola-en-el-territorio\/#primaryimage","url":"https:\/\/www.mundoacuicola.cl\/new\/wp-content\/uploads\/2026\/09\/Aquapacifico10anos.jpg","contentUrl":"https:\/\/www.mundoacuicola.cl\/new\/wp-content\/uploads\/2026\/09\/Aquapacifico10anos.jpg","width":1200,"height":677},{"@type":"BreadcrumbList","@id":"https:\/\/www.mundoacuicola.cl\/new\/aquapacifico-conmemora-10-anos-y-proyecta-una-nueva-etapa-para-la-innovacion-acuicola-en-el-territorio\/#breadcrumb","itemListElement":[{"@type":"ListItem","position":1,"name":"Portada","item":"https:\/\/www.mundoacuicola.cl\/new\/"},{"@type":"ListItem","position":2,"name":"AquaPac\u00edfico conmemora 10 a\u00f1os y proyecta una nueva etapa para la innovaci\u00f3n acu\u00edcola en el territorio"}]},{"@type":"WebSite","@id":"https:\/\/www.mundoacuicola.cl\/new\/#website","url":"https:\/\/www.mundoacuicola.cl\/new\/","name":"Mundoacuicola","description":"Revista de Acuicultura.","publisher":{"@id":"https:\/\/www.mundoacuicola.cl\/new\/#organization"},"potentialAction":[{"@type":"SearchAction","target":{"@type":"EntryPoint","urlTemplate":"https:\/\/www.mundoacuicola.cl\/new\/?s={search_term_string}"},"query-input":{"@type":"PropertyValueSpecification","valueRequired":true,"valueName":"search_term_string"}}],"inLanguage":"es"},{"@type":"Organization","@id":"https:\/\/www.mundoacuicola.cl\/new\/#organization","name":"Mundoacuicola","url":"https:\/\/www.mundoacuicola.cl\/new\/","logo":{"@type":"ImageObject","inLanguage":"es","@id":"https:\/\/www.mundoacuicola.cl\/new\/#\/schema\/logo\/image\/","url":"https:\/\/www.mundoacuicola.cl\/new\/wp-content\/uploads\/2026\/01\/cropped-LOGO-Mundo-Acuicola-2026.png","contentUrl":"https:\/\/www.mundoacuicola.cl\/new\/wp-content\/uploads\/2026\/01\/cropped-LOGO-Mundo-Acuicola-2026.png","width":1252,"height":296,"caption":"Mundoacuicola"},"image":{"@id":"https:\/\/www.mundoacuicola.cl\/new\/#\/schema\/logo\/image\/"},"sameAs":["https:\/\/www.facebook.com\/mundo.acuicola\/","https:\/\/x.com\/mundoacuicola","https:\/\/www.linkedin.com\/in\/mundo-acuicola"]},{"@type":"Person","@id":"https:\/\/www.mundoacuicola.cl\/new\/#\/schema\/person\/52cfe7e461eb2d30484965350ee34bdd","name":"Ricardo Alvarez","url":"https:\/\/www.mundoacuicola.cl\/new\/author\/ricardo\/"}]}},"_links":{"self":[{"href":"https:\/\/www.mundoacuicola.cl\/new\/wp-json\/wp\/v2\/posts\/92177","targetHints":{"allow":["GET"]}}],"collection":[{"href":"https:\/\/www.mundoacuicola.cl\/new\/wp-json\/wp\/v2\/posts"}],"about":[{"href":"https:\/\/www.mundoacuicola.cl\/new\/wp-json\/wp\/v2\/types\/post"}],"author":[{"embeddable":true,"href":"https:\/\/www.mundoacuicola.cl\/new\/wp-json\/wp\/v2\/users\/8"}],"replies":[{"embeddable":true,"href":"https:\/\/www.mundoacuicola.cl\/new\/wp-json\/wp\/v2\/comments?post=92177"}],"version-history":[{"count":1,"href":"https:\/\/www.mundoacuicola.cl\/new\/wp-json\/wp\/v2\/posts\/92177\/revisions"}],"predecessor-version":[{"id":92179,"href":"https:\/\/www.mundoacuicola.cl\/new\/wp-json\/wp\/v2\/posts\/92177\/revisions\/92179"}],"wp:featuredmedia":[{"embeddable":true,"href":"https:\/\/www.mundoacuicola.cl\/new\/wp-json\/wp\/v2\/media\/92178"}],"wp:attachment":[{"href":"https:\/\/www.mundoacuicola.cl\/new\/wp-json\/wp\/v2\/media?parent=92177"}],"wp:term":[{"taxonomy":"category","embeddable":true,"href":"https:\/\/www.mundoacuicola.cl\/new\/wp-json\/wp\/v2\/categories?post=92177"},{"taxonomy":"post_tag","embeddable":true,"href":"https:\/\/www.mundoacuicola.cl\/new\/wp-json\/wp\/v2\/tags?post=92177"}],"curies":[{"name":"wp","href":"https:\/\/api.w.org\/{rel}","templated":true}]}}