{"id":92180,"date":"2026-09-04T10:42:28","date_gmt":"2026-09-04T14:42:28","guid":{"rendered":"https:\/\/www.mundoacuicola.cl\/new\/?p=92180"},"modified":"2026-09-04T16:01:32","modified_gmt":"2026-09-04T20:01:32","slug":"amichile-aborda-desafios-normativos-y-ambientales-de-la-mitilicultura-en-asamblea-de-socios","status":"publish","type":"post","link":"https:\/\/www.mundoacuicola.cl\/new\/amichile-aborda-desafios-normativos-y-ambientales-de-la-mitilicultura-en-asamblea-de-socios\/","title":{"rendered":"AmiChile aborda desaf\u00edos normativos y ambientales de la mitilicultura en Asamblea de Socios"},"content":{"rendered":"<p><span style=\"font-weight: 400;\">La Asociaci\u00f3n Gremial de Mitilicultores de Chile (AmiChile) realiz\u00f3 su segunda Asamblea Ordinaria de Socios del a\u00f1o, instancia que reuni\u00f3 a representantes del sector para analizar los principales desaf\u00edos y temas de inter\u00e9s para el desarrollo de la mitilicultura nacional.<\/span><\/p>\n<p><span style=\"font-weight: 400;\">Durante el encuentro, distintos profesionales del equipo de AmiChile presentaron los avances y principales materias que forman parte de la agenda gremial, abordando aspectos t\u00e9cnicos y regulatorios de relevancia para la industria. Asimismo, se realiz\u00f3 una evaluaci\u00f3n y exposici\u00f3n del informe ambiental, considerando las condiciones actuales asociadas al fen\u00f3meno de El Ni\u00f1o y sus posibles implicancias para la actividad mitilicultora.<\/span><\/p>\n<p><span style=\"font-weight: 400;\">Uno de los momentos centrales de la jornada fue la participaci\u00f3n de Alejandro Barrientos, jefe de la Divisi\u00f3n de Acuicultura de la Subsecretar\u00eda de Pesca y Acuicultura, quien expuso ante los socios la mirada que actualmente desarrolla la autoridad respecto de la industria y los desaf\u00edos vinculados al cumplimiento de la normativa.<\/span><\/p>\n<p><span style=\"font-weight: 400;\">En este contexto, se destac\u00f3 la importancia de avanzar hacia herramientas regulatorias que consideren las particularidades de la mitilicultura, especialmente frente a normativas de car\u00e1cter general que no siempre responden a las caracter\u00edsticas y necesidades espec\u00edficas de esta actividad productiva.<\/span><\/p>\n<p><span style=\"font-weight: 400;\">La jornada tambi\u00e9n cont\u00f3 con la participaci\u00f3n del representante zonal de Pesca de la Regi\u00f3n de Los Lagos, permitiendo generar un espacio de di\u00e1logo directo entre los socios de AmiChile y representantes de la autoridad sectorial.<\/span><\/p>\n<p><span style=\"font-weight: 400;\">El presidente de AmiChile Rodrigo Carrasco, valor\u00f3 positivamente la instancia y destac\u00f3 el aporte de estos encuentros para fortalecer el trabajo gremial y la coordinaci\u00f3n entre los distintos actores vinculados a la actividad, \u201cFue un gran encuentro. Estas son las instancias que fortalecen la actividad gremial, porque nos permiten revisar nuestra agenda, abordar temas t\u00e9cnicos y ambientales y, al mismo tiempo, conversar directamente con las autoridades sobre los desaf\u00edos que enfrenta nuestra industria\u201d, se\u00f1al\u00f3.<\/span><\/p>\n<p><span style=\"font-weight: 400;\">La Asamblea concluy\u00f3 con una actividad de camarader\u00eda, instancia que permiti\u00f3 interactuar a los socios, invitados y equipo, abordando materias espec\u00edficas, qui\u00e9nes valoraron positivamente estos espacios de conversaci\u00f3n y colaboraci\u00f3n.<\/span><\/p>\n<p><span style=\"font-weight: 400;\">La segunda Asamblea Ordinaria forma parte de las tres reuniones de socios que AmiChile desarrolla anualmente y constituye un espacio relevante para evaluar el trabajo gremial, compartir informaci\u00f3n y definir acciones frente a los principales desaf\u00edos de la mitilicultura chilena.<\/span><\/p>\n","protected":false},"excerpt":{"rendered":"<p>La segunda Asamblea Ordinaria de Socios de AmiChile reuni\u00f3 al sector mitilicultor y representantes de la autoridad para revisar la agenda gremial, las condiciones ambientales asociadas a El Ni\u00f1o y los desaf\u00edos regulatorios que enfrenta la actividad.<\/p>\n","protected":false},"author":10,"featured_media":92181,"comment_status":"closed","ping_status":"closed","sticky":false,"template":"","format":"standard","meta":{"footnotes":""},"categories":[405],"tags":[143,6936,12783,775,7970,3918,2912,202,767,353,26928,1463,18270,2098,307],"class_list":["post-92180","post","type-post","status-publish","format-standard","has-post-thumbnail","hentry","category-titular-3","tag-acuicultura","tag-acuicultura-chilena","tag-alejandro-barrientos","tag-amichile","tag-condiciones-ambientales","tag-el-nino","tag-industria-mitilicultora","tag-los-lagos","tag-mejillon-chileno","tag-mitilicultura","tag-mitilicultura-chilena","tag-normativa-acuicola","tag-regulacion-acuicola","tag-rodrigo-carrasco","tag-subpesca"],"yoast_head":"<!-- This site is optimized with the Yoast SEO plugin v28.3 - https:\/\/yoast.com\/product\/yoast-seo-wordpress\/ -->\n<title>AmiChile aborda desaf\u00edos normativos y ambientales de la mitilicultura en Asamblea de Socios - Mundoacuicola<\/title>\n<meta name=\"description\" content=\"AmiChile abord\u00f3 los desaf\u00edos normativos y ambientales de la mitilicultura, adem\u00e1s de las condiciones asociadas a El Ni\u00f1o.\" \/>\n<meta name=\"robots\" content=\"index, follow, max-snippet:-1, max-image-preview:large, max-video-preview:-1\" \/>\n<link rel=\"canonical\" href=\"https:\/\/www.mundoacuicola.cl\/new\/amichile-aborda-desafios-normativos-y-ambientales-de-la-mitilicultura-en-asamblea-de-socios\/\" \/>\n<meta property=\"og:locale\" content=\"es_ES\" \/>\n<meta property=\"og:type\" content=\"article\" \/>\n<meta property=\"og:title\" content=\"AmiChile aborda desaf\u00edos normativos y ambientales de la mitilicultura en Asamblea de Socios - Mundoacuicola\" \/>\n<meta property=\"og:description\" content=\"AmiChile abord\u00f3 los desaf\u00edos normativos y ambientales de la mitilicultura, adem\u00e1s de las condiciones asociadas a El Ni\u00f1o.\" \/>\n<meta property=\"og:url\" content=\"https:\/\/www.mundoacuicola.cl\/new\/amichile-aborda-desafios-normativos-y-ambientales-de-la-mitilicultura-en-asamblea-de-socios\/\" \/>\n<meta property=\"og:site_name\" content=\"Mundoacuicola\" \/>\n<meta property=\"article:publisher\" content=\"https:\/\/www.facebook.com\/mundo.acuicola\/\" \/>\n<meta property=\"article:published_time\" content=\"2026-09-04T14:42:28+00:00\" \/>\n<meta property=\"article:modified_time\" content=\"2026-09-04T20:01:32+00:00\" \/>\n<meta property=\"og:image\" content=\"https:\/\/www.mundoacuicola.cl\/new\/wp-content\/uploads\/2026\/09\/Asamblea-Socios-AmiChile.jpg\" \/>\n\t<meta property=\"og:image:width\" content=\"1200\" \/>\n\t<meta property=\"og:image:height\" content=\"700\" \/>\n\t<meta property=\"og:image:type\" content=\"image\/jpeg\" \/>\n<meta name=\"author\" content=\"mbarrueto\" \/>\n<meta name=\"twitter:card\" content=\"summary_large_image\" \/>\n<meta name=\"twitter:creator\" content=\"@mundoacuicola\" \/>\n<meta name=\"twitter:site\" content=\"@mundoacuicola\" \/>\n<meta name=\"twitter:label1\" content=\"Escrito por\" \/>\n\t<meta name=\"twitter:data1\" content=\"mbarrueto\" \/>\n\t<meta name=\"twitter:label2\" content=\"Tiempo de lectura\" \/>\n\t<meta name=\"twitter:data2\" content=\"2 minutos\" \/>\n<script type=\"application\/ld+json\" class=\"yoast-schema-graph\">{\"@context\":\"https:\\\/\\\/schema.org\",\"@graph\":[{\"@type\":\"Article\",\"@id\":\"https:\\\/\\\/www.mundoacuicola.cl\\\/new\\\/amichile-aborda-desafios-normativos-y-ambientales-de-la-mitilicultura-en-asamblea-de-socios\\\/#article\",\"isPartOf\":{\"@id\":\"https:\\\/\\\/www.mundoacuicola.cl\\\/new\\\/amichile-aborda-desafios-normativos-y-ambientales-de-la-mitilicultura-en-asamblea-de-socios\\\/\"},\"author\":{\"name\":\"mbarrueto\",\"@id\":\"https:\\\/\\\/www.mundoacuicola.cl\\\/new\\\/#\\\/schema\\\/person\\\/c00ffe389abb88bd9254653add139315\"},\"headline\":\"AmiChile aborda desaf\u00edos normativos y ambientales de la mitilicultura en Asamblea de Socios\",\"datePublished\":\"2026-09-04T14:42:28+00:00\",\"dateModified\":\"2026-09-04T20:01:32+00:00\",\"mainEntityOfPage\":{\"@id\":\"https:\\\/\\\/www.mundoacuicola.cl\\\/new\\\/amichile-aborda-desafios-normativos-y-ambientales-de-la-mitilicultura-en-asamblea-de-socios\\\/\"},\"wordCount\":417,\"publisher\":{\"@id\":\"https:\\\/\\\/www.mundoacuicola.cl\\\/new\\\/#organization\"},\"image\":{\"@id\":\"https:\\\/\\\/www.mundoacuicola.cl\\\/new\\\/amichile-aborda-desafios-normativos-y-ambientales-de-la-mitilicultura-en-asamblea-de-socios\\\/#primaryimage\"},\"thumbnailUrl\":\"https:\\\/\\\/www.mundoacuicola.cl\\\/new\\\/wp-content\\\/uploads\\\/2026\\\/09\\\/Asamblea-Socios-AmiChile.jpg\",\"keywords\":[\"Acuicultura\",\"Acuicultura chilena\",\"Alejandro Barrientos\",\"AmiChile\",\"condiciones ambientales\",\"El Ni\u00f1o\",\"Industria mitilicultora\",\"Los Lagos\",\"Mejill\u00f3n Chileno\",\"mitilicultura\",\"mitilicultura chilena\",\"Normativa acu\u00edcola\",\"regulaci\u00f3n acu\u00edcola\",\"Rodrigo Carrasco\",\"subpesca\"],\"articleSection\":[\"Titular 3\"],\"inLanguage\":\"es\"},{\"@type\":\"WebPage\",\"@id\":\"https:\\\/\\\/www.mundoacuicola.cl\\\/new\\\/amichile-aborda-desafios-normativos-y-ambientales-de-la-mitilicultura-en-asamblea-de-socios\\\/\",\"url\":\"https:\\\/\\\/www.mundoacuicola.cl\\\/new\\\/amichile-aborda-desafios-normativos-y-ambientales-de-la-mitilicultura-en-asamblea-de-socios\\\/\",\"name\":\"AmiChile aborda desaf\u00edos normativos y ambientales de la mitilicultura en Asamblea de Socios - Mundoacuicola\",\"isPartOf\":{\"@id\":\"https:\\\/\\\/www.mundoacuicola.cl\\\/new\\\/#website\"},\"primaryImageOfPage\":{\"@id\":\"https:\\\/\\\/www.mundoacuicola.cl\\\/new\\\/amichile-aborda-desafios-normativos-y-ambientales-de-la-mitilicultura-en-asamblea-de-socios\\\/#primaryimage\"},\"image\":{\"@id\":\"https:\\\/\\\/www.mundoacuicola.cl\\\/new\\\/amichile-aborda-desafios-normativos-y-ambientales-de-la-mitilicultura-en-asamblea-de-socios\\\/#primaryimage\"},\"thumbnailUrl\":\"https:\\\/\\\/www.mundoacuicola.cl\\\/new\\\/wp-content\\\/uploads\\\/2026\\\/09\\\/Asamblea-Socios-AmiChile.jpg\",\"datePublished\":\"2026-09-04T14:42:28+00:00\",\"dateModified\":\"2026-09-04T20:01:32+00:00\",\"description\":\"AmiChile abord\u00f3 los desaf\u00edos normativos y ambientales de la mitilicultura, adem\u00e1s de las condiciones asociadas a El Ni\u00f1o.\",\"breadcrumb\":{\"@id\":\"https:\\\/\\\/www.mundoacuicola.cl\\\/new\\\/amichile-aborda-desafios-normativos-y-ambientales-de-la-mitilicultura-en-asamblea-de-socios\\\/#breadcrumb\"},\"inLanguage\":\"es\",\"potentialAction\":[{\"@type\":\"ReadAction\",\"target\":[\"https:\\\/\\\/www.mundoacuicola.cl\\\/new\\\/amichile-aborda-desafios-normativos-y-ambientales-de-la-mitilicultura-en-asamblea-de-socios\\\/\"]}]},{\"@type\":\"ImageObject\",\"inLanguage\":\"es\",\"@id\":\"https:\\\/\\\/www.mundoacuicola.cl\\\/new\\\/amichile-aborda-desafios-normativos-y-ambientales-de-la-mitilicultura-en-asamblea-de-socios\\\/#primaryimage\",\"url\":\"https:\\\/\\\/www.mundoacuicola.cl\\\/new\\\/wp-content\\\/uploads\\\/2026\\\/09\\\/Asamblea-Socios-AmiChile.jpg\",\"contentUrl\":\"https:\\\/\\\/www.mundoacuicola.cl\\\/new\\\/wp-content\\\/uploads\\\/2026\\\/09\\\/Asamblea-Socios-AmiChile.jpg\",\"width\":1200,\"height\":700},{\"@type\":\"BreadcrumbList\",\"@id\":\"https:\\\/\\\/www.mundoacuicola.cl\\\/new\\\/amichile-aborda-desafios-normativos-y-ambientales-de-la-mitilicultura-en-asamblea-de-socios\\\/#breadcrumb\",\"itemListElement\":[{\"@type\":\"ListItem\",\"position\":1,\"name\":\"Portada\",\"item\":\"https:\\\/\\\/www.mundoacuicola.cl\\\/new\\\/\"},{\"@type\":\"ListItem\",\"position\":2,\"name\":\"AmiChile aborda desaf\u00edos normativos y ambientales de la mitilicultura en Asamblea de Socios\"}]},{\"@type\":\"WebSite\",\"@id\":\"https:\\\/\\\/www.mundoacuicola.cl\\\/new\\\/#website\",\"url\":\"https:\\\/\\\/www.mundoacuicola.cl\\\/new\\\/\",\"name\":\"Mundoacuicola\",\"description\":\"Revista de Acuicultura.\",\"publisher\":{\"@id\":\"https:\\\/\\\/www.mundoacuicola.cl\\\/new\\\/#organization\"},\"potentialAction\":[{\"@type\":\"SearchAction\",\"target\":{\"@type\":\"EntryPoint\",\"urlTemplate\":\"https:\\\/\\\/www.mundoacuicola.cl\\\/new\\\/?s={search_term_string}\"},\"query-input\":{\"@type\":\"PropertyValueSpecification\",\"valueRequired\":true,\"valueName\":\"search_term_string\"}}],\"inLanguage\":\"es\"},{\"@type\":\"Organization\",\"@id\":\"https:\\\/\\\/www.mundoacuicola.cl\\\/new\\\/#organization\",\"name\":\"Mundoacuicola\",\"url\":\"https:\\\/\\\/www.mundoacuicola.cl\\\/new\\\/\",\"logo\":{\"@type\":\"ImageObject\",\"inLanguage\":\"es\",\"@id\":\"https:\\\/\\\/www.mundoacuicola.cl\\\/new\\\/#\\\/schema\\\/logo\\\/image\\\/\",\"url\":\"https:\\\/\\\/www.mundoacuicola.cl\\\/new\\\/wp-content\\\/uploads\\\/2026\\\/01\\\/cropped-LOGO-Mundo-Acuicola-2026.png\",\"contentUrl\":\"https:\\\/\\\/www.mundoacuicola.cl\\\/new\\\/wp-content\\\/uploads\\\/2026\\\/01\\\/cropped-LOGO-Mundo-Acuicola-2026.png\",\"width\":1252,\"height\":296,\"caption\":\"Mundoacuicola\"},\"image\":{\"@id\":\"https:\\\/\\\/www.mundoacuicola.cl\\\/new\\\/#\\\/schema\\\/logo\\\/image\\\/\"},\"sameAs\":[\"https:\\\/\\\/www.facebook.com\\\/mundo.acuicola\\\/\",\"https:\\\/\\\/x.com\\\/mundoacuicola\",\"https:\\\/\\\/www.linkedin.com\\\/in\\\/mundo-acuicola\"]},{\"@type\":\"Person\",\"@id\":\"https:\\\/\\\/www.mundoacuicola.cl\\\/new\\\/#\\\/schema\\\/person\\\/c00ffe389abb88bd9254653add139315\",\"name\":\"mbarrueto\",\"url\":\"https:\\\/\\\/www.mundoacuicola.cl\\\/new\\\/author\\\/mbarrueto\\\/\"}]}<\/script>\n<!-- \/ Yoast SEO plugin. -->","yoast_head_json":{"title":"AmiChile aborda desaf\u00edos normativos y ambientales de la mitilicultura en Asamblea de Socios - Mundoacuicola","description":"AmiChile abord\u00f3 los desaf\u00edos normativos y ambientales de la mitilicultura, adem\u00e1s de las condiciones asociadas a El Ni\u00f1o.","robots":{"index":"index","follow":"follow","max-snippet":"max-snippet:-1","max-image-preview":"max-image-preview:large","max-video-preview":"max-video-preview:-1"},"canonical":"https:\/\/www.mundoacuicola.cl\/new\/amichile-aborda-desafios-normativos-y-ambientales-de-la-mitilicultura-en-asamblea-de-socios\/","og_locale":"es_ES","og_type":"article","og_title":"AmiChile aborda desaf\u00edos normativos y ambientales de la mitilicultura en Asamblea de Socios - Mundoacuicola","og_description":"AmiChile abord\u00f3 los desaf\u00edos normativos y ambientales de la mitilicultura, adem\u00e1s de las condiciones asociadas a El Ni\u00f1o.","og_url":"https:\/\/www.mundoacuicola.cl\/new\/amichile-aborda-desafios-normativos-y-ambientales-de-la-mitilicultura-en-asamblea-de-socios\/","og_site_name":"Mundoacuicola","article_publisher":"https:\/\/www.facebook.com\/mundo.acuicola\/","article_published_time":"2026-09-04T14:42:28+00:00","article_modified_time":"2026-09-04T20:01:32+00:00","og_image":[{"width":1200,"height":700,"url":"https:\/\/www.mundoacuicola.cl\/new\/wp-content\/uploads\/2026\/09\/Asamblea-Socios-AmiChile.jpg","type":"image\/jpeg"}],"author":"mbarrueto","twitter_card":"summary_large_image","twitter_creator":"@mundoacuicola","twitter_site":"@mundoacuicola","twitter_misc":{"Escrito por":"mbarrueto","Tiempo de lectura":"2 minutos"},"schema":{"@context":"https:\/\/schema.org","@graph":[{"@type":"Article","@id":"https:\/\/www.mundoacuicola.cl\/new\/amichile-aborda-desafios-normativos-y-ambientales-de-la-mitilicultura-en-asamblea-de-socios\/#article","isPartOf":{"@id":"https:\/\/www.mundoacuicola.cl\/new\/amichile-aborda-desafios-normativos-y-ambientales-de-la-mitilicultura-en-asamblea-de-socios\/"},"author":{"name":"mbarrueto","@id":"https:\/\/www.mundoacuicola.cl\/new\/#\/schema\/person\/c00ffe389abb88bd9254653add139315"},"headline":"AmiChile aborda desaf\u00edos normativos y ambientales de la mitilicultura en Asamblea de Socios","datePublished":"2026-09-04T14:42:28+00:00","dateModified":"2026-09-04T20:01:32+00:00","mainEntityOfPage":{"@id":"https:\/\/www.mundoacuicola.cl\/new\/amichile-aborda-desafios-normativos-y-ambientales-de-la-mitilicultura-en-asamblea-de-socios\/"},"wordCount":417,"publisher":{"@id":"https:\/\/www.mundoacuicola.cl\/new\/#organization"},"image":{"@id":"https:\/\/www.mundoacuicola.cl\/new\/amichile-aborda-desafios-normativos-y-ambientales-de-la-mitilicultura-en-asamblea-de-socios\/#primaryimage"},"thumbnailUrl":"https:\/\/www.mundoacuicola.cl\/new\/wp-content\/uploads\/2026\/09\/Asamblea-Socios-AmiChile.jpg","keywords":["Acuicultura","Acuicultura chilena","Alejandro Barrientos","AmiChile","condiciones ambientales","El Ni\u00f1o","Industria mitilicultora","Los Lagos","Mejill\u00f3n Chileno","mitilicultura","mitilicultura chilena","Normativa acu\u00edcola","regulaci\u00f3n acu\u00edcola","Rodrigo Carrasco","subpesca"],"articleSection":["Titular 3"],"inLanguage":"es"},{"@type":"WebPage","@id":"https:\/\/www.mundoacuicola.cl\/new\/amichile-aborda-desafios-normativos-y-ambientales-de-la-mitilicultura-en-asamblea-de-socios\/","url":"https:\/\/www.mundoacuicola.cl\/new\/amichile-aborda-desafios-normativos-y-ambientales-de-la-mitilicultura-en-asamblea-de-socios\/","name":"AmiChile aborda desaf\u00edos normativos y ambientales de la mitilicultura en Asamblea de Socios - Mundoacuicola","isPartOf":{"@id":"https:\/\/www.mundoacuicola.cl\/new\/#website"},"primaryImageOfPage":{"@id":"https:\/\/www.mundoacuicola.cl\/new\/amichile-aborda-desafios-normativos-y-ambientales-de-la-mitilicultura-en-asamblea-de-socios\/#primaryimage"},"image":{"@id":"https:\/\/www.mundoacuicola.cl\/new\/amichile-aborda-desafios-normativos-y-ambientales-de-la-mitilicultura-en-asamblea-de-socios\/#primaryimage"},"thumbnailUrl":"https:\/\/www.mundoacuicola.cl\/new\/wp-content\/uploads\/2026\/09\/Asamblea-Socios-AmiChile.jpg","datePublished":"2026-09-04T14:42:28+00:00","dateModified":"2026-09-04T20:01:32+00:00","description":"AmiChile abord\u00f3 los desaf\u00edos normativos y ambientales de la mitilicultura, adem\u00e1s de las condiciones asociadas a El Ni\u00f1o.","breadcrumb":{"@id":"https:\/\/www.mundoacuicola.cl\/new\/amichile-aborda-desafios-normativos-y-ambientales-de-la-mitilicultura-en-asamblea-de-socios\/#breadcrumb"},"inLanguage":"es","potentialAction":[{"@type":"ReadAction","target":["https:\/\/www.mundoacuicola.cl\/new\/amichile-aborda-desafios-normativos-y-ambientales-de-la-mitilicultura-en-asamblea-de-socios\/"]}]},{"@type":"ImageObject","inLanguage":"es","@id":"https:\/\/www.mundoacuicola.cl\/new\/amichile-aborda-desafios-normativos-y-ambientales-de-la-mitilicultura-en-asamblea-de-socios\/#primaryimage","url":"https:\/\/www.mundoacuicola.cl\/new\/wp-content\/uploads\/2026\/09\/Asamblea-Socios-AmiChile.jpg","contentUrl":"https:\/\/www.mundoacuicola.cl\/new\/wp-content\/uploads\/2026\/09\/Asamblea-Socios-AmiChile.jpg","width":1200,"height":700},{"@type":"BreadcrumbList","@id":"https:\/\/www.mundoacuicola.cl\/new\/amichile-aborda-desafios-normativos-y-ambientales-de-la-mitilicultura-en-asamblea-de-socios\/#breadcrumb","itemListElement":[{"@type":"ListItem","position":1,"name":"Portada","item":"https:\/\/www.mundoacuicola.cl\/new\/"},{"@type":"ListItem","position":2,"name":"AmiChile aborda desaf\u00edos normativos y ambientales de la mitilicultura en Asamblea de Socios"}]},{"@type":"WebSite","@id":"https:\/\/www.mundoacuicola.cl\/new\/#website","url":"https:\/\/www.mundoacuicola.cl\/new\/","name":"Mundoacuicola","description":"Revista de Acuicultura.","publisher":{"@id":"https:\/\/www.mundoacuicola.cl\/new\/#organization"},"potentialAction":[{"@type":"SearchAction","target":{"@type":"EntryPoint","urlTemplate":"https:\/\/www.mundoacuicola.cl\/new\/?s={search_term_string}"},"query-input":{"@type":"PropertyValueSpecification","valueRequired":true,"valueName":"search_term_string"}}],"inLanguage":"es"},{"@type":"Organization","@id":"https:\/\/www.mundoacuicola.cl\/new\/#organization","name":"Mundoacuicola","url":"https:\/\/www.mundoacuicola.cl\/new\/","logo":{"@type":"ImageObject","inLanguage":"es","@id":"https:\/\/www.mundoacuicola.cl\/new\/#\/schema\/logo\/image\/","url":"https:\/\/www.mundoacuicola.cl\/new\/wp-content\/uploads\/2026\/01\/cropped-LOGO-Mundo-Acuicola-2026.png","contentUrl":"https:\/\/www.mundoacuicola.cl\/new\/wp-content\/uploads\/2026\/01\/cropped-LOGO-Mundo-Acuicola-2026.png","width":1252,"height":296,"caption":"Mundoacuicola"},"image":{"@id":"https:\/\/www.mundoacuicola.cl\/new\/#\/schema\/logo\/image\/"},"sameAs":["https:\/\/www.facebook.com\/mundo.acuicola\/","https:\/\/x.com\/mundoacuicola","https:\/\/www.linkedin.com\/in\/mundo-acuicola"]},{"@type":"Person","@id":"https:\/\/www.mundoacuicola.cl\/new\/#\/schema\/person\/c00ffe389abb88bd9254653add139315","name":"mbarrueto","url":"https:\/\/www.mundoacuicola.cl\/new\/author\/mbarrueto\/"}]}},"_links":{"self":[{"href":"https:\/\/www.mundoacuicola.cl\/new\/wp-json\/wp\/v2\/posts\/92180","targetHints":{"allow":["GET"]}}],"collection":[{"href":"https:\/\/www.mundoacuicola.cl\/new\/wp-json\/wp\/v2\/posts"}],"about":[{"href":"https:\/\/www.mundoacuicola.cl\/new\/wp-json\/wp\/v2\/types\/post"}],"author":[{"embeddable":true,"href":"https:\/\/www.mundoacuicola.cl\/new\/wp-json\/wp\/v2\/users\/10"}],"replies":[{"embeddable":true,"href":"https:\/\/www.mundoacuicola.cl\/new\/wp-json\/wp\/v2\/comments?post=92180"}],"version-history":[{"count":1,"href":"https:\/\/www.mundoacuicola.cl\/new\/wp-json\/wp\/v2\/posts\/92180\/revisions"}],"predecessor-version":[{"id":92182,"href":"https:\/\/www.mundoacuicola.cl\/new\/wp-json\/wp\/v2\/posts\/92180\/revisions\/92182"}],"wp:featuredmedia":[{"embeddable":true,"href":"https:\/\/www.mundoacuicola.cl\/new\/wp-json\/wp\/v2\/media\/92181"}],"wp:attachment":[{"href":"https:\/\/www.mundoacuicola.cl\/new\/wp-json\/wp\/v2\/media?parent=92180"}],"wp:term":[{"taxonomy":"category","embeddable":true,"href":"https:\/\/www.mundoacuicola.cl\/new\/wp-json\/wp\/v2\/categories?post=92180"},{"taxonomy":"post_tag","embeddable":true,"href":"https:\/\/www.mundoacuicola.cl\/new\/wp-json\/wp\/v2\/tags?post=92180"}],"curies":[{"name":"wp","href":"https:\/\/api.w.org\/{rel}","templated":true}]}}