{"id":92192,"date":"2026-09-04T12:08:44","date_gmt":"2026-09-04T16:08:44","guid":{"rendered":"https:\/\/www.mundoacuicola.cl\/new\/?p=92192"},"modified":"2026-09-04T16:07:28","modified_gmt":"2026-09-04T20:07:28","slug":"biotech-week-2026-reunira-en-puerto-varas-a-ciencia-industria-y-emprendimiento","status":"publish","type":"post","link":"https:\/\/www.mundoacuicola.cl\/new\/biotech-week-2026-reunira-en-puerto-varas-a-ciencia-industria-y-emprendimiento\/","title":{"rendered":"Biotech Week 2026 reunir\u00e1 en Puerto Varas a ciencia, industria y emprendimiento"},"content":{"rendered":"<p><span style=\"font-weight: 400;\">Entre el 8 y 10 de septiembre Puerto Varas ser\u00e1 nuevamente punto de encuentro del ecosistema biotecnol\u00f3gico nacional con la tercera edici\u00f3n de Biotech Week 2026, iniciativa que busca acercar la ciencia a distintos p\u00fablicos, impulsar emprendimientos de base cient\u00edfico-tecnol\u00f3gica y generar conexiones entre las capacidades del ecosistema y las necesidades de los sectores productivos.<\/span><\/p>\n<p><span style=\"font-weight: 400;\">El encuentro profundizar\u00e1 una l\u00ednea de trabajo que ha venido tomando forma durante sus tres ediciones: vincular formaci\u00f3n de talento, emprendimiento, inversi\u00f3n e industria, proyectando desde la Regi\u00f3n de Los Lagos nuevas oportunidades para el desarrollo de la biotecnolog\u00eda en Chile.<\/span><\/p>\n<p><span style=\"font-weight: 400;\"><img fetchpriority=\"high\" decoding=\"async\" class=\"size-medium wp-image-92194 alignleft\" src=\"https:\/\/www.mundoacuicola.cl\/new\/wp-content\/uploads\/2026\/09\/BTWDIA3-44-de-110-337x225.jpg\" alt=\"\" width=\"337\" height=\"225\" srcset=\"https:\/\/www.mundoacuicola.cl\/new\/wp-content\/uploads\/2026\/09\/BTWDIA3-44-de-110-337x225.jpg 337w, https:\/\/www.mundoacuicola.cl\/new\/wp-content\/uploads\/2026\/09\/BTWDIA3-44-de-110-599x400.jpg 599w, https:\/\/www.mundoacuicola.cl\/new\/wp-content\/uploads\/2026\/09\/BTWDIA3-44-de-110-768x513.jpg 768w, https:\/\/www.mundoacuicola.cl\/new\/wp-content\/uploads\/2026\/09\/BTWDIA3-44-de-110-1536x1026.jpg 1536w, https:\/\/www.mundoacuicola.cl\/new\/wp-content\/uploads\/2026\/09\/BTWDIA3-44-de-110-2048x1368.jpg 2048w, https:\/\/www.mundoacuicola.cl\/new\/wp-content\/uploads\/2026\/09\/BTWDIA3-44-de-110-1024x684.jpg 1024w\" sizes=\"(max-width: 337px) 100vw, 337px\" \/>La iniciativa forma parte de un ecosistema que ha ido articulando en Puerto Varas a actores p\u00fablicos, privados, cient\u00edficos y acad\u00e9micos en torno a la biotecnolog\u00eda y la innovaci\u00f3n. En ese contexto, Biotech Week busca generar espacios concretos para que nuevas capacidades y soluciones puedan vincularse con oportunidades de desarrollo, inversi\u00f3n y aplicaci\u00f3n.<\/span><\/p>\n<p><b>Tom\u00e1s G\u00e1rate Silva, alcalde de Puerto Varas,<\/b><span style=\"font-weight: 400;\"> indic\u00f3 que\u00a0 \u201c<\/span><i><span style=\"font-weight: 400;\">la Biotech Week se ha consolidado como un espacio participativo y democr\u00e1tico, donde estudiantes, emprendedores, vecinos y empresas se encuentran con la innovaci\u00f3n. Acercar la biotecnolog\u00eda a nuestra comunidad es democratizar oportunidades y demostrar que la innovaci\u00f3n tambi\u00e9n se construye desde nuestros territorios. Esta actividad masiva y gratuita demuestra que las grandes soluciones para el desarrollo sostenible de Chile y la Regi\u00f3n de Los Lagos tambi\u00e9n nacen aqu\u00ed, desde nuestras comunidades\u201d.<\/span><\/i><\/p>\n<p><span style=\"font-weight: 400;\">Por su parte,<\/span><b> Eduardo Wallach, presidente de Patagonia Biotech Hub, <\/b><span style=\"font-weight: 400;\">agreg\u00f3 que <\/span><i><span style=\"font-weight: 400;\">\u201cen Chile se est\u00e1 gestando una revoluci\u00f3n biotecnol\u00f3gica y la Patagonia tiene todo para liderarla. La Biotech Week 2026 es el catalizador de esta visi\u00f3n: un espacio donde conectamos nuestro entorno \u00fanico con el mejor talento global, inspirando a los estudiantes que ser\u00e1n los cient\u00edficos y emprendedores del ma\u00f1ana. Aqu\u00ed la investigaci\u00f3n avanzada se vincula directamente con las industrias para acelerar su competitividad y sostenibilidad, posicionando a Chile como un referente internacional en biotecnolog\u00eda\u201d.<\/span><\/i><\/p>\n<p><span style=\"font-weight: 400;\">Por su parte, <\/span><b>el director regional de Corfo Los Lagos, V\u00edctor S\u00e1nchez Redlich<\/b><span style=\"font-weight: 400;\">, destac\u00f3 que \u201cBiotech Week refleja el ecosistema que se est\u00e1 construyendo en Puerto Varas y en la Regi\u00f3n de Los Lagos, donde ciencia, emprendimiento, inversi\u00f3n e industria comienzan a conectarse con una mirada de largo plazo. En ese camino, Lab 03 ser\u00e1 una pieza clave para fortalecer capacidades, acelerar soluciones de base cient\u00edfico-tecnol\u00f3gica y permitir que m\u00e1s emprendimientos puedan validar, pilotear y escalar sus innovaciones. Queremos que desde la Patagonia se consolide un verdadero polo biotecnol\u00f3gico, capaz de generar soluciones para nuestros sectores productivos y proyectarlas desde Los Lagos hacia Chile y el mundo\u201d.<\/span><\/p>\n<h3><b>Tres jornadas, tres focos<\/b><\/h3>\n<p><span style=\"font-weight: 400;\">La edici\u00f3n 2026 contempla tres jornadas con distintos \u00e9nfasis y organizaciones aliadas, recorriendo etapas que van desde la formaci\u00f3n temprana de talento hasta el emprendimiento, la vinculaci\u00f3n con la industria y los desaf\u00edos futuros del sector biotecnol\u00f3gico.<\/span><\/p>\n<p><b>D\u00eda 1 \u00b7 martes 8 \u2014 Formar para transformar.<\/b><\/p>\n<p><span style=\"font-weight: 400;\">La primera jornada estar\u00e1 dedicada a la educaci\u00f3n y promoci\u00f3n de nuevos talentos, acercando la ciencia experimental a estudiantes y docentes mediante un bootcamp escolar, formaci\u00f3n docente, una feria laboral y espacios de orientaci\u00f3n vocacional. El d\u00eda concluir\u00e1 con el lanzamiento oficial de Biotech Week 2026.<\/span><\/p>\n<p><b>D\u00eda 2 \u00b7 mi\u00e9rcoles 9 \u2014 Innovar para impactar (Endeavor).<\/b><\/p>\n<p><span style=\"font-weight: 400;\">Con foco en innovaci\u00f3n, emprendimiento y aceleraci\u00f3n, la jornada reunir\u00e1 a fundadores, inversionistas y referentes del ecosistema en workshops, conversaciones sobre levantamiento de capital e inversi\u00f3n, charlas y mentor\u00edas orientadas a apoyar el desarrollo de soluciones deep-tech con potencial de escalar desde Chile hacia otros mercados.<\/span><\/p>\n<p><b>D\u00eda 3 \u00b7 jueves 10 \u2014 Conectar para escalar (CBT de SOFOFA Hub).<\/b><\/p>\n<p><span style=\"font-weight: 400;\">La tercera jornada abordar\u00e1 el aporte de la biotecnolog\u00eda a la competitividad y productividad de las empresas, presentando casos de aplicaci\u00f3n industrial, experiencias de I+D y transferencia tecnol\u00f3gica.<\/span><\/p>\n<p><span style=\"font-weight: 400;\">El programa completo de Biotech Week 2026, con horarios, actividades y expositores, est\u00e1 disponible en <\/span><a href=\"https:\/\/accesoaustral.cl\/biotechweek2026\"><span style=\"font-weight: 400;\">https:\/\/accesoaustral.cl\/biotechweek2026<\/span><\/a><\/p>\n","protected":false},"excerpt":{"rendered":"<p>La tercera edici\u00f3n de Biotech Week se realizar\u00e1 entre el 8 y 10 de septiembre con tres jornadas dedicadas a formaci\u00f3n de talento, emprendimiento, inversi\u00f3n y aplicaci\u00f3n de soluciones biotecnol\u00f3gicas en sectores productivos.<\/p>\n","protected":false},"author":10,"featured_media":92195,"comment_status":"closed","ping_status":"closed","sticky":false,"template":"","format":"standard","meta":{"footnotes":""},"categories":[404],"tags":[30206,2710,5556,579,29899,8797,30356,3295,2100,9783,23685,525,563,8860,8046],"class_list":["post-92192","post","type-post","status-publish","format-standard","has-post-thumbnail","hentry","category-titular-2","tag-biotech-week-2026","tag-biotecnologia","tag-ciencia","tag-corfo-los-lagos","tag-deep-tech","tag-emprendimiento","tag-empresas-biotecnologicas","tag-endeavor","tag-innovacion","tag-inversion","tag-patagonia-biotech-hub","tag-puerto-varas","tag-region-de-los-lagos","tag-sofofa-hub","tag-transferencia-tecnologica"],"yoast_head":"<!-- This site is optimized with the Yoast SEO plugin v28.3 - https:\/\/yoast.com\/product\/yoast-seo-wordpress\/ -->\n<title>Biotech Week 2026 reunir\u00e1 en Puerto Varas a ciencia, industria y emprendimiento - Mundoacuicola<\/title>\n<meta name=\"description\" content=\"Biotech Week 2026 reunir\u00e1 en Puerto Varas a cient\u00edficos, emprendedores, empresas e inversionistas entre el 8 y 10 de septiembre.\" \/>\n<meta name=\"robots\" content=\"index, follow, max-snippet:-1, max-image-preview:large, max-video-preview:-1\" \/>\n<link rel=\"canonical\" href=\"https:\/\/www.mundoacuicola.cl\/new\/biotech-week-2026-reunira-en-puerto-varas-a-ciencia-industria-y-emprendimiento\/\" \/>\n<meta property=\"og:locale\" content=\"es_ES\" \/>\n<meta property=\"og:type\" content=\"article\" \/>\n<meta property=\"og:title\" content=\"Biotech Week 2026 reunir\u00e1 en Puerto Varas a ciencia, industria y emprendimiento - Mundoacuicola\" \/>\n<meta property=\"og:description\" content=\"Biotech Week 2026 reunir\u00e1 en Puerto Varas a cient\u00edficos, emprendedores, empresas e inversionistas entre el 8 y 10 de septiembre.\" \/>\n<meta property=\"og:url\" content=\"https:\/\/www.mundoacuicola.cl\/new\/biotech-week-2026-reunira-en-puerto-varas-a-ciencia-industria-y-emprendimiento\/\" \/>\n<meta property=\"og:site_name\" content=\"Mundoacuicola\" \/>\n<meta property=\"article:publisher\" content=\"https:\/\/www.facebook.com\/mundo.acuicola\/\" \/>\n<meta property=\"article:published_time\" content=\"2026-09-04T16:08:44+00:00\" \/>\n<meta property=\"article:modified_time\" content=\"2026-09-04T20:07:28+00:00\" \/>\n<meta property=\"og:image\" content=\"https:\/\/www.mundoacuicola.cl\/new\/wp-content\/uploads\/2026\/09\/Biotech-Week-2026-reunira-en-Puerto-Varas-a-ciencia-industria-y-emprendimiento.jpg\" \/>\n\t<meta property=\"og:image:width\" content=\"1200\" \/>\n\t<meta property=\"og:image:height\" content=\"700\" \/>\n\t<meta property=\"og:image:type\" content=\"image\/jpeg\" \/>\n<meta name=\"author\" content=\"mbarrueto\" \/>\n<meta name=\"twitter:card\" content=\"summary_large_image\" \/>\n<meta name=\"twitter:creator\" content=\"@mundoacuicola\" \/>\n<meta name=\"twitter:site\" content=\"@mundoacuicola\" \/>\n<meta name=\"twitter:label1\" content=\"Escrito por\" \/>\n\t<meta name=\"twitter:data1\" content=\"mbarrueto\" \/>\n\t<meta name=\"twitter:label2\" content=\"Tiempo de lectura\" \/>\n\t<meta name=\"twitter:data2\" content=\"4 minutos\" \/>\n<script type=\"application\/ld+json\" class=\"yoast-schema-graph\">{\"@context\":\"https:\\\/\\\/schema.org\",\"@graph\":[{\"@type\":\"Article\",\"@id\":\"https:\\\/\\\/www.mundoacuicola.cl\\\/new\\\/biotech-week-2026-reunira-en-puerto-varas-a-ciencia-industria-y-emprendimiento\\\/#article\",\"isPartOf\":{\"@id\":\"https:\\\/\\\/www.mundoacuicola.cl\\\/new\\\/biotech-week-2026-reunira-en-puerto-varas-a-ciencia-industria-y-emprendimiento\\\/\"},\"author\":{\"name\":\"mbarrueto\",\"@id\":\"https:\\\/\\\/www.mundoacuicola.cl\\\/new\\\/#\\\/schema\\\/person\\\/c00ffe389abb88bd9254653add139315\"},\"headline\":\"Biotech Week 2026 reunir\u00e1 en Puerto Varas a ciencia, industria y emprendimiento\",\"datePublished\":\"2026-09-04T16:08:44+00:00\",\"dateModified\":\"2026-09-04T20:07:28+00:00\",\"mainEntityOfPage\":{\"@id\":\"https:\\\/\\\/www.mundoacuicola.cl\\\/new\\\/biotech-week-2026-reunira-en-puerto-varas-a-ciencia-industria-y-emprendimiento\\\/\"},\"wordCount\":689,\"publisher\":{\"@id\":\"https:\\\/\\\/www.mundoacuicola.cl\\\/new\\\/#organization\"},\"image\":{\"@id\":\"https:\\\/\\\/www.mundoacuicola.cl\\\/new\\\/biotech-week-2026-reunira-en-puerto-varas-a-ciencia-industria-y-emprendimiento\\\/#primaryimage\"},\"thumbnailUrl\":\"https:\\\/\\\/www.mundoacuicola.cl\\\/new\\\/wp-content\\\/uploads\\\/2026\\\/09\\\/Biotech-Week-2026-reunira-en-Puerto-Varas-a-ciencia-industria-y-emprendimiento.jpg\",\"keywords\":[\"Biotech Week 2026\",\"Biotecnolog\u00eda\",\"ciencia\",\"Corfo Los Lagos\",\"deep tech\",\"emprendimiento\",\"empresas biotecnol\u00f3gicas\",\"Endeavor\",\"Innovaci\u00f3n\",\"inversi\u00f3n\",\"Patagonia Biotech Hub\",\"Puerto Varas\",\"Regi\u00f3n de Los Lagos\",\"SOFOFA Hub\",\"Transferencia Tecnol\u00f3gica\"],\"articleSection\":[\"Titular 2\"],\"inLanguage\":\"es\"},{\"@type\":\"WebPage\",\"@id\":\"https:\\\/\\\/www.mundoacuicola.cl\\\/new\\\/biotech-week-2026-reunira-en-puerto-varas-a-ciencia-industria-y-emprendimiento\\\/\",\"url\":\"https:\\\/\\\/www.mundoacuicola.cl\\\/new\\\/biotech-week-2026-reunira-en-puerto-varas-a-ciencia-industria-y-emprendimiento\\\/\",\"name\":\"Biotech Week 2026 reunir\u00e1 en Puerto Varas a ciencia, industria y emprendimiento - Mundoacuicola\",\"isPartOf\":{\"@id\":\"https:\\\/\\\/www.mundoacuicola.cl\\\/new\\\/#website\"},\"primaryImageOfPage\":{\"@id\":\"https:\\\/\\\/www.mundoacuicola.cl\\\/new\\\/biotech-week-2026-reunira-en-puerto-varas-a-ciencia-industria-y-emprendimiento\\\/#primaryimage\"},\"image\":{\"@id\":\"https:\\\/\\\/www.mundoacuicola.cl\\\/new\\\/biotech-week-2026-reunira-en-puerto-varas-a-ciencia-industria-y-emprendimiento\\\/#primaryimage\"},\"thumbnailUrl\":\"https:\\\/\\\/www.mundoacuicola.cl\\\/new\\\/wp-content\\\/uploads\\\/2026\\\/09\\\/Biotech-Week-2026-reunira-en-Puerto-Varas-a-ciencia-industria-y-emprendimiento.jpg\",\"datePublished\":\"2026-09-04T16:08:44+00:00\",\"dateModified\":\"2026-09-04T20:07:28+00:00\",\"description\":\"Biotech Week 2026 reunir\u00e1 en Puerto Varas a cient\u00edficos, emprendedores, empresas e inversionistas entre el 8 y 10 de septiembre.\",\"breadcrumb\":{\"@id\":\"https:\\\/\\\/www.mundoacuicola.cl\\\/new\\\/biotech-week-2026-reunira-en-puerto-varas-a-ciencia-industria-y-emprendimiento\\\/#breadcrumb\"},\"inLanguage\":\"es\",\"potentialAction\":[{\"@type\":\"ReadAction\",\"target\":[\"https:\\\/\\\/www.mundoacuicola.cl\\\/new\\\/biotech-week-2026-reunira-en-puerto-varas-a-ciencia-industria-y-emprendimiento\\\/\"]}]},{\"@type\":\"ImageObject\",\"inLanguage\":\"es\",\"@id\":\"https:\\\/\\\/www.mundoacuicola.cl\\\/new\\\/biotech-week-2026-reunira-en-puerto-varas-a-ciencia-industria-y-emprendimiento\\\/#primaryimage\",\"url\":\"https:\\\/\\\/www.mundoacuicola.cl\\\/new\\\/wp-content\\\/uploads\\\/2026\\\/09\\\/Biotech-Week-2026-reunira-en-Puerto-Varas-a-ciencia-industria-y-emprendimiento.jpg\",\"contentUrl\":\"https:\\\/\\\/www.mundoacuicola.cl\\\/new\\\/wp-content\\\/uploads\\\/2026\\\/09\\\/Biotech-Week-2026-reunira-en-Puerto-Varas-a-ciencia-industria-y-emprendimiento.jpg\",\"width\":1200,\"height\":700},{\"@type\":\"BreadcrumbList\",\"@id\":\"https:\\\/\\\/www.mundoacuicola.cl\\\/new\\\/biotech-week-2026-reunira-en-puerto-varas-a-ciencia-industria-y-emprendimiento\\\/#breadcrumb\",\"itemListElement\":[{\"@type\":\"ListItem\",\"position\":1,\"name\":\"Portada\",\"item\":\"https:\\\/\\\/www.mundoacuicola.cl\\\/new\\\/\"},{\"@type\":\"ListItem\",\"position\":2,\"name\":\"Biotech Week 2026 reunir\u00e1 en Puerto Varas a ciencia, industria y emprendimiento\"}]},{\"@type\":\"WebSite\",\"@id\":\"https:\\\/\\\/www.mundoacuicola.cl\\\/new\\\/#website\",\"url\":\"https:\\\/\\\/www.mundoacuicola.cl\\\/new\\\/\",\"name\":\"Mundoacuicola\",\"description\":\"Revista de Acuicultura.\",\"publisher\":{\"@id\":\"https:\\\/\\\/www.mundoacuicola.cl\\\/new\\\/#organization\"},\"potentialAction\":[{\"@type\":\"SearchAction\",\"target\":{\"@type\":\"EntryPoint\",\"urlTemplate\":\"https:\\\/\\\/www.mundoacuicola.cl\\\/new\\\/?s={search_term_string}\"},\"query-input\":{\"@type\":\"PropertyValueSpecification\",\"valueRequired\":true,\"valueName\":\"search_term_string\"}}],\"inLanguage\":\"es\"},{\"@type\":\"Organization\",\"@id\":\"https:\\\/\\\/www.mundoacuicola.cl\\\/new\\\/#organization\",\"name\":\"Mundoacuicola\",\"url\":\"https:\\\/\\\/www.mundoacuicola.cl\\\/new\\\/\",\"logo\":{\"@type\":\"ImageObject\",\"inLanguage\":\"es\",\"@id\":\"https:\\\/\\\/www.mundoacuicola.cl\\\/new\\\/#\\\/schema\\\/logo\\\/image\\\/\",\"url\":\"https:\\\/\\\/www.mundoacuicola.cl\\\/new\\\/wp-content\\\/uploads\\\/2026\\\/01\\\/cropped-LOGO-Mundo-Acuicola-2026.png\",\"contentUrl\":\"https:\\\/\\\/www.mundoacuicola.cl\\\/new\\\/wp-content\\\/uploads\\\/2026\\\/01\\\/cropped-LOGO-Mundo-Acuicola-2026.png\",\"width\":1252,\"height\":296,\"caption\":\"Mundoacuicola\"},\"image\":{\"@id\":\"https:\\\/\\\/www.mundoacuicola.cl\\\/new\\\/#\\\/schema\\\/logo\\\/image\\\/\"},\"sameAs\":[\"https:\\\/\\\/www.facebook.com\\\/mundo.acuicola\\\/\",\"https:\\\/\\\/x.com\\\/mundoacuicola\",\"https:\\\/\\\/www.linkedin.com\\\/in\\\/mundo-acuicola\"]},{\"@type\":\"Person\",\"@id\":\"https:\\\/\\\/www.mundoacuicola.cl\\\/new\\\/#\\\/schema\\\/person\\\/c00ffe389abb88bd9254653add139315\",\"name\":\"mbarrueto\",\"url\":\"https:\\\/\\\/www.mundoacuicola.cl\\\/new\\\/author\\\/mbarrueto\\\/\"}]}<\/script>\n<!-- \/ Yoast SEO plugin. -->","yoast_head_json":{"title":"Biotech Week 2026 reunir\u00e1 en Puerto Varas a ciencia, industria y emprendimiento - Mundoacuicola","description":"Biotech Week 2026 reunir\u00e1 en Puerto Varas a cient\u00edficos, emprendedores, empresas e inversionistas entre el 8 y 10 de septiembre.","robots":{"index":"index","follow":"follow","max-snippet":"max-snippet:-1","max-image-preview":"max-image-preview:large","max-video-preview":"max-video-preview:-1"},"canonical":"https:\/\/www.mundoacuicola.cl\/new\/biotech-week-2026-reunira-en-puerto-varas-a-ciencia-industria-y-emprendimiento\/","og_locale":"es_ES","og_type":"article","og_title":"Biotech Week 2026 reunir\u00e1 en Puerto Varas a ciencia, industria y emprendimiento - Mundoacuicola","og_description":"Biotech Week 2026 reunir\u00e1 en Puerto Varas a cient\u00edficos, emprendedores, empresas e inversionistas entre el 8 y 10 de septiembre.","og_url":"https:\/\/www.mundoacuicola.cl\/new\/biotech-week-2026-reunira-en-puerto-varas-a-ciencia-industria-y-emprendimiento\/","og_site_name":"Mundoacuicola","article_publisher":"https:\/\/www.facebook.com\/mundo.acuicola\/","article_published_time":"2026-09-04T16:08:44+00:00","article_modified_time":"2026-09-04T20:07:28+00:00","og_image":[{"width":1200,"height":700,"url":"https:\/\/www.mundoacuicola.cl\/new\/wp-content\/uploads\/2026\/09\/Biotech-Week-2026-reunira-en-Puerto-Varas-a-ciencia-industria-y-emprendimiento.jpg","type":"image\/jpeg"}],"author":"mbarrueto","twitter_card":"summary_large_image","twitter_creator":"@mundoacuicola","twitter_site":"@mundoacuicola","twitter_misc":{"Escrito por":"mbarrueto","Tiempo de lectura":"4 minutos"},"schema":{"@context":"https:\/\/schema.org","@graph":[{"@type":"Article","@id":"https:\/\/www.mundoacuicola.cl\/new\/biotech-week-2026-reunira-en-puerto-varas-a-ciencia-industria-y-emprendimiento\/#article","isPartOf":{"@id":"https:\/\/www.mundoacuicola.cl\/new\/biotech-week-2026-reunira-en-puerto-varas-a-ciencia-industria-y-emprendimiento\/"},"author":{"name":"mbarrueto","@id":"https:\/\/www.mundoacuicola.cl\/new\/#\/schema\/person\/c00ffe389abb88bd9254653add139315"},"headline":"Biotech Week 2026 reunir\u00e1 en Puerto Varas a ciencia, industria y emprendimiento","datePublished":"2026-09-04T16:08:44+00:00","dateModified":"2026-09-04T20:07:28+00:00","mainEntityOfPage":{"@id":"https:\/\/www.mundoacuicola.cl\/new\/biotech-week-2026-reunira-en-puerto-varas-a-ciencia-industria-y-emprendimiento\/"},"wordCount":689,"publisher":{"@id":"https:\/\/www.mundoacuicola.cl\/new\/#organization"},"image":{"@id":"https:\/\/www.mundoacuicola.cl\/new\/biotech-week-2026-reunira-en-puerto-varas-a-ciencia-industria-y-emprendimiento\/#primaryimage"},"thumbnailUrl":"https:\/\/www.mundoacuicola.cl\/new\/wp-content\/uploads\/2026\/09\/Biotech-Week-2026-reunira-en-Puerto-Varas-a-ciencia-industria-y-emprendimiento.jpg","keywords":["Biotech Week 2026","Biotecnolog\u00eda","ciencia","Corfo Los Lagos","deep tech","emprendimiento","empresas biotecnol\u00f3gicas","Endeavor","Innovaci\u00f3n","inversi\u00f3n","Patagonia Biotech Hub","Puerto Varas","Regi\u00f3n de Los Lagos","SOFOFA Hub","Transferencia Tecnol\u00f3gica"],"articleSection":["Titular 2"],"inLanguage":"es"},{"@type":"WebPage","@id":"https:\/\/www.mundoacuicola.cl\/new\/biotech-week-2026-reunira-en-puerto-varas-a-ciencia-industria-y-emprendimiento\/","url":"https:\/\/www.mundoacuicola.cl\/new\/biotech-week-2026-reunira-en-puerto-varas-a-ciencia-industria-y-emprendimiento\/","name":"Biotech Week 2026 reunir\u00e1 en Puerto Varas a ciencia, industria y emprendimiento - Mundoacuicola","isPartOf":{"@id":"https:\/\/www.mundoacuicola.cl\/new\/#website"},"primaryImageOfPage":{"@id":"https:\/\/www.mundoacuicola.cl\/new\/biotech-week-2026-reunira-en-puerto-varas-a-ciencia-industria-y-emprendimiento\/#primaryimage"},"image":{"@id":"https:\/\/www.mundoacuicola.cl\/new\/biotech-week-2026-reunira-en-puerto-varas-a-ciencia-industria-y-emprendimiento\/#primaryimage"},"thumbnailUrl":"https:\/\/www.mundoacuicola.cl\/new\/wp-content\/uploads\/2026\/09\/Biotech-Week-2026-reunira-en-Puerto-Varas-a-ciencia-industria-y-emprendimiento.jpg","datePublished":"2026-09-04T16:08:44+00:00","dateModified":"2026-09-04T20:07:28+00:00","description":"Biotech Week 2026 reunir\u00e1 en Puerto Varas a cient\u00edficos, emprendedores, empresas e inversionistas entre el 8 y 10 de septiembre.","breadcrumb":{"@id":"https:\/\/www.mundoacuicola.cl\/new\/biotech-week-2026-reunira-en-puerto-varas-a-ciencia-industria-y-emprendimiento\/#breadcrumb"},"inLanguage":"es","potentialAction":[{"@type":"ReadAction","target":["https:\/\/www.mundoacuicola.cl\/new\/biotech-week-2026-reunira-en-puerto-varas-a-ciencia-industria-y-emprendimiento\/"]}]},{"@type":"ImageObject","inLanguage":"es","@id":"https:\/\/www.mundoacuicola.cl\/new\/biotech-week-2026-reunira-en-puerto-varas-a-ciencia-industria-y-emprendimiento\/#primaryimage","url":"https:\/\/www.mundoacuicola.cl\/new\/wp-content\/uploads\/2026\/09\/Biotech-Week-2026-reunira-en-Puerto-Varas-a-ciencia-industria-y-emprendimiento.jpg","contentUrl":"https:\/\/www.mundoacuicola.cl\/new\/wp-content\/uploads\/2026\/09\/Biotech-Week-2026-reunira-en-Puerto-Varas-a-ciencia-industria-y-emprendimiento.jpg","width":1200,"height":700},{"@type":"BreadcrumbList","@id":"https:\/\/www.mundoacuicola.cl\/new\/biotech-week-2026-reunira-en-puerto-varas-a-ciencia-industria-y-emprendimiento\/#breadcrumb","itemListElement":[{"@type":"ListItem","position":1,"name":"Portada","item":"https:\/\/www.mundoacuicola.cl\/new\/"},{"@type":"ListItem","position":2,"name":"Biotech Week 2026 reunir\u00e1 en Puerto Varas a ciencia, industria y emprendimiento"}]},{"@type":"WebSite","@id":"https:\/\/www.mundoacuicola.cl\/new\/#website","url":"https:\/\/www.mundoacuicola.cl\/new\/","name":"Mundoacuicola","description":"Revista de Acuicultura.","publisher":{"@id":"https:\/\/www.mundoacuicola.cl\/new\/#organization"},"potentialAction":[{"@type":"SearchAction","target":{"@type":"EntryPoint","urlTemplate":"https:\/\/www.mundoacuicola.cl\/new\/?s={search_term_string}"},"query-input":{"@type":"PropertyValueSpecification","valueRequired":true,"valueName":"search_term_string"}}],"inLanguage":"es"},{"@type":"Organization","@id":"https:\/\/www.mundoacuicola.cl\/new\/#organization","name":"Mundoacuicola","url":"https:\/\/www.mundoacuicola.cl\/new\/","logo":{"@type":"ImageObject","inLanguage":"es","@id":"https:\/\/www.mundoacuicola.cl\/new\/#\/schema\/logo\/image\/","url":"https:\/\/www.mundoacuicola.cl\/new\/wp-content\/uploads\/2026\/01\/cropped-LOGO-Mundo-Acuicola-2026.png","contentUrl":"https:\/\/www.mundoacuicola.cl\/new\/wp-content\/uploads\/2026\/01\/cropped-LOGO-Mundo-Acuicola-2026.png","width":1252,"height":296,"caption":"Mundoacuicola"},"image":{"@id":"https:\/\/www.mundoacuicola.cl\/new\/#\/schema\/logo\/image\/"},"sameAs":["https:\/\/www.facebook.com\/mundo.acuicola\/","https:\/\/x.com\/mundoacuicola","https:\/\/www.linkedin.com\/in\/mundo-acuicola"]},{"@type":"Person","@id":"https:\/\/www.mundoacuicola.cl\/new\/#\/schema\/person\/c00ffe389abb88bd9254653add139315","name":"mbarrueto","url":"https:\/\/www.mundoacuicola.cl\/new\/author\/mbarrueto\/"}]}},"_links":{"self":[{"href":"https:\/\/www.mundoacuicola.cl\/new\/wp-json\/wp\/v2\/posts\/92192","targetHints":{"allow":["GET"]}}],"collection":[{"href":"https:\/\/www.mundoacuicola.cl\/new\/wp-json\/wp\/v2\/posts"}],"about":[{"href":"https:\/\/www.mundoacuicola.cl\/new\/wp-json\/wp\/v2\/types\/post"}],"author":[{"embeddable":true,"href":"https:\/\/www.mundoacuicola.cl\/new\/wp-json\/wp\/v2\/users\/10"}],"replies":[{"embeddable":true,"href":"https:\/\/www.mundoacuicola.cl\/new\/wp-json\/wp\/v2\/comments?post=92192"}],"version-history":[{"count":2,"href":"https:\/\/www.mundoacuicola.cl\/new\/wp-json\/wp\/v2\/posts\/92192\/revisions"}],"predecessor-version":[{"id":92196,"href":"https:\/\/www.mundoacuicola.cl\/new\/wp-json\/wp\/v2\/posts\/92192\/revisions\/92196"}],"wp:featuredmedia":[{"embeddable":true,"href":"https:\/\/www.mundoacuicola.cl\/new\/wp-json\/wp\/v2\/media\/92195"}],"wp:attachment":[{"href":"https:\/\/www.mundoacuicola.cl\/new\/wp-json\/wp\/v2\/media?parent=92192"}],"wp:term":[{"taxonomy":"category","embeddable":true,"href":"https:\/\/www.mundoacuicola.cl\/new\/wp-json\/wp\/v2\/categories?post=92192"},{"taxonomy":"post_tag","embeddable":true,"href":"https:\/\/www.mundoacuicola.cl\/new\/wp-json\/wp\/v2\/tags?post=92192"}],"curies":[{"name":"wp","href":"https:\/\/api.w.org\/{rel}","templated":true}]}}